{"id":8459,"date":"2023-09-08T14:19:55","date_gmt":"2023-09-08T12:19:55","guid":{"rendered":"https:\/\/solidanca.con2webs.es\/cerramos-con-exito-el-segundo-ano-del-servicio-de-recogida-municipal-de-muebles-y-trastos-viejos-en-la-comarca-del-girones\/"},"modified":"2023-09-08T14:19:55","modified_gmt":"2023-09-08T12:19:55","slug":"cerramos-con-exito-el-segundo-ano-del-servicio-de-recogida-municipal-de-muebles-y-trastos-viejos-en-la-comarca-del-girones","status":"publish","type":"post","link":"https:\/\/solidanca.cat\/es\/cerramos-con-exito-el-segundo-ano-del-servicio-de-recogida-municipal-de-muebles-y-trastos-viejos-en-la-comarca-del-girones\/","title":{"rendered":"Cerramos con \u00e9xito el segundo a\u00f1o del servicio de recogida municipal de muebles y\u00a0trastos\u00a0viejos en la comarca del Giron\u00e8s"},"content":{"rendered":"\n<p><strong>El <a href=\"https:\/\/solidanca.cat\/es\/iniciamos-una-nueva-modalidad-recogida-trastos-viejos-voluminosos-girones\/\">nuevo modelo de recogida de voluminosos<\/a> a domicilio impulsado por la entidad social\u00a0<a href=\"https:\/\/solidanca.cat\/es\/iniciamos-una-nueva-modalidad-recogida-trastos-viejos-voluminosos-girones\/\">Solidan\u00e7a<\/a>\u00a0en la comarca del Giron\u00e8s cierra el segundo a\u00f1o de recogidas entre septiembre de 2022 y junio de 2023 con 239.921 kg de residuos gestionados<\/strong><\/p>\n\n\n\n<p>El servicio de la <a href=\"https:\/\/solidanca.cat\/es\/presentacion\/\">entidad social\u00a0Solidan\u00e7a<\/a>\u00a0consiste a una modalidad puntera en la recogida de voluminosos a la puerta de los domicilios. El objetivo es concertar previamente una cita con las personas interesadas, de forma que <strong>aumenta la preservaci\u00f3n de los muebles<\/strong> que se encuentran en buen estado para promover su reutilizaci\u00f3n.<\/p>\n\n\n\n<p>Despu\u00e9s de un a\u00f1o de servicio, el programa ha recogido hasta <strong>239.921 kg de residuos<\/strong>. Por un lado, al <strong>9% <\/strong>de estos, es decir, a 21.942 kg, se les ha aplicado un tratamiento de <strong>preparaci\u00f3n para la reutilizaci\u00f3n<\/strong>. En este sentido, son objetos que, a pesar de que han acontecido residuo, se los ha dado una segunda vida.<\/p>\n\n\n\n<p>Este a\u00f1o, el proyecto <strong>ha logrado satisfactoriamente los prop\u00f3sitos que se marcaron al principio<\/strong>, en que se establec\u00eda un objetivo del 10% de residuos para la reutilizaci\u00f3n. Finalmente, se ha podido aplicar un tratamiento de recuperaci\u00f3n para la reutilizaci\u00f3n en pr\u00e1cticamente todos los residuos que nos propusimos como entidad, concretamente en el 9% de los que recogimos.<\/p>\n\n\n\n<p>Adem\u00e1s de los residuos que se han podido gestionar, este nuevo modelo de recogida ha contribuido a la creaci\u00f3n de <strong>3 nuevos puestos de trabajo para personas en situaci\u00f3n de vulnerabilidad social<\/strong>, incentivando as\u00ed la econom\u00eda circular y social a la zona.<\/p>\n\n\n\n<p><strong>El valor de nuestro modelo<\/strong><\/p>\n\n\n\n<p>La iniciativa de gestionar este servicio por medio de una entidad social como\u00a0<strong>Solidan\u00e7a<\/strong>\u00a0promueve la creaci\u00f3n de <strong>oportunidades laborales para personas en situaci\u00f3n de vulnerabilidad social<\/strong> que empiezan un itinerario de inserci\u00f3n sociolaboral con la entidad.<\/p>\n\n\n\n<p>Estos <strong>puestos de trabajo <\/strong>se ven reflejados directamente en la calidad del servicio de voluminosos puerta a puerta, as\u00ed como tambi\u00e9n indirectamente en el proceso de preparaci\u00f3n para la reutilizaci\u00f3n de los residuos y en el proceso de venta en la tienda L&#8217;Encant de Salt, situada en la calle Dalai Lama, 7 Pol\u00edgono La\u00a0Mirona.<\/p>\n\n\n\n<p><strong>16 municipios <\/strong>de la comarca ya han integrado el servicio de voluminosos en las recogidas, con el objetivo de mejorar la gesti\u00f3n de estos residuos y aumentar los porcentajes de reutilizaci\u00f3n. Estos municipios son: Aiguaviva, Bescan\u00f3 n\u00facleo, Bescan\u00f3 urbanizaciones, Bordils, Canet d&#8217;Adri, Campllong, Cervi\u00e0 de Ter, Fla\u00e7\u00e0, Fornells de la Selva, Jui\u00e0, Llambilles, Quart, Sant Andreu Salou, Sant Joan de Mollet, Sant Juli\u00e0 de Ramis y Viladasens.<\/p>\n\n\n\n<p>Desde&nbsp;Solidan\u00e7a&nbsp;continuamos trabajando con el prop\u00f3sito de crear un futuro social y sostenible, mejorando la calidad ambiental y fomentando la inserci\u00f3n laboral de personas en situaci\u00f3n de vulnerabilidad social.<\/p>\n","protected":false},"excerpt":{"rendered":"<p>El nuevo modelo de recogida de voluminosos a domicilio impulsado por la entidad social\u00a0Solidan\u00e7a\u00a0en la comarca del Giron\u00e8s cierra el segundo&#8230;<\/p>\n","protected":false},"author":2,"featured_media":7468,"comment_status":"closed","ping_status":"closed","sticky":false,"template":"","format":"standard","meta":{"_uag_custom_page_level_css":"","_kad_blocks_custom_css":"","_kad_blocks_head_custom_js":"","_kad_blocks_body_custom_js":"","_kad_blocks_footer_custom_js":"","_kad_post_transparent":"","_kad_post_title":"","_kad_post_layout":"","_kad_post_sidebar_id":"","_kad_post_content_style":"","_kad_post_vertical_padding":"","_kad_post_feature":"","_kad_post_feature_position":"","_kad_post_header":false,"_kad_post_footer":false,"_kad_post_classname":"","footnotes":""},"categories":[761],"tags":[],"class_list":["post-8459","post","type-post","status-publish","format-standard","has-post-thumbnail","hentry","category-medio-ambiente"],"taxonomy_info":{"category":[{"value":761,"label":"MEDIO AMBIENTE"}]},"featured_image_src_large":["https:\/\/solidanca.cat\/wp-content\/uploads\/2025\/04\/FOTO-NOTICIES-WEB-2024-10-29T133359.420-4.jpg",800,400,false],"author_info":{"display_name":"Solidan\u00e7a","author_link":"https:\/\/solidanca.cat\/es\/author\/alberg\/"},"comment_info":0,"category_info":[{"term_id":761,"name":"MEDIO AMBIENTE","slug":"medio-ambiente","term_group":0,"term_taxonomy_id":761,"taxonomy":"category","description":"","parent":0,"count":263,"filter":"raw","cat_ID":761,"category_count":263,"category_description":"","cat_name":"MEDIO AMBIENTE","category_nicename":"medio-ambiente","category_parent":0}],"tag_info":false,"uagb_featured_image_src":{"full":["https:\/\/solidanca.cat\/wp-content\/uploads\/2025\/04\/FOTO-NOTICIES-WEB-2024-10-29T133359.420-4.jpg",800,400,false],"thumbnail":["https:\/\/solidanca.cat\/wp-content\/uploads\/2025\/04\/FOTO-NOTICIES-WEB-2024-10-29T133359.420-4-150x150.jpg",150,150,true],"medium":["https:\/\/solidanca.cat\/wp-content\/uploads\/2025\/04\/FOTO-NOTICIES-WEB-2024-10-29T133359.420-4-300x150.jpg",300,150,true],"medium_large":["https:\/\/solidanca.cat\/wp-content\/uploads\/2025\/04\/FOTO-NOTICIES-WEB-2024-10-29T133359.420-4-768x384.jpg",768,384,true],"large":["https:\/\/solidanca.cat\/wp-content\/uploads\/2025\/04\/FOTO-NOTICIES-WEB-2024-10-29T133359.420-4.jpg",800,400,false],"1536x1536":["https:\/\/solidanca.cat\/wp-content\/uploads\/2025\/04\/FOTO-NOTICIES-WEB-2024-10-29T133359.420-4.jpg",800,400,false],"2048x2048":["https:\/\/solidanca.cat\/wp-content\/uploads\/2025\/04\/FOTO-NOTICIES-WEB-2024-10-29T133359.420-4.jpg",800,400,false]},"uagb_author_info":{"display_name":"Solidan\u00e7a","author_link":"https:\/\/solidanca.cat\/es\/author\/alberg\/"},"uagb_comment_info":0,"uagb_excerpt":"El nuevo modelo de recogida de voluminosos a domicilio impulsado por la entidad social\u00a0Solidan\u00e7a\u00a0en la comarca del Giron\u00e8s cierra el segundo...","_links":{"self":[{"href":"https:\/\/solidanca.cat\/es\/wp-json\/wp\/v2\/posts\/8459","targetHints":{"allow":["GET"]}}],"collection":[{"href":"https:\/\/solidanca.cat\/es\/wp-json\/wp\/v2\/posts"}],"about":[{"href":"https:\/\/solidanca.cat\/es\/wp-json\/wp\/v2\/types\/post"}],"author":[{"embeddable":true,"href":"https:\/\/solidanca.cat\/es\/wp-json\/wp\/v2\/users\/2"}],"replies":[{"embeddable":true,"href":"https:\/\/solidanca.cat\/es\/wp-json\/wp\/v2\/comments?post=8459"}],"version-history":[{"count":0,"href":"https:\/\/solidanca.cat\/es\/wp-json\/wp\/v2\/posts\/8459\/revisions"}],"wp:featuredmedia":[{"embeddable":true,"href":"https:\/\/solidanca.cat\/es\/wp-json\/wp\/v2\/media\/7468"}],"wp:attachment":[{"href":"https:\/\/solidanca.cat\/es\/wp-json\/wp\/v2\/media?parent=8459"}],"wp:term":[{"taxonomy":"category","embeddable":true,"href":"https:\/\/solidanca.cat\/es\/wp-json\/wp\/v2\/categories?post=8459"},{"taxonomy":"post_tag","embeddable":true,"href":"https:\/\/solidanca.cat\/es\/wp-json\/wp\/v2\/tags?post=8459"}],"curies":[{"name":"wp","href":"https:\/\/api.w.org\/{rel}","templated":true}]}}