{"id":8463,"date":"2023-09-14T13:39:15","date_gmt":"2023-09-14T11:39:15","guid":{"rendered":"https:\/\/solidanca.con2webs.es\/solidanca-cierra-el-primer-ano-del-programa-orienta-con-93-personas-atendidas\/"},"modified":"2025-04-02T13:25:38","modified_gmt":"2025-04-02T11:25:38","slug":"solidanca-cierra-el-primer-ano-del-programa-orienta-con-93-personas-atendidas","status":"publish","type":"post","link":"https:\/\/solidanca.cat\/es\/solidanca-cierra-el-primer-ano-del-programa-orienta-con-93-personas-atendidas\/","title":{"rendered":"Solidan\u00e7a\u00a0cierra el primer a\u00f1o del Programa Orienta con 93 personas atendidas"},"content":{"rendered":"\n<p><strong>El Programa Orienta de que forma parte\u00a0Solidan\u00e7a\u00a0tiene el objetivo de aumentar las posibilidades de contrataciones laborales de personas en situaci\u00f3n de vulnerabilidad social\u00a0<\/strong><\/p>\n\n\n\n<p>Desde el a\u00f1o 2022,\u00a0<strong>Solidan\u00e7a<\/strong>\u00a0forma parte del <strong>Programa Orienta de Sant Joan Desp\u00ed<\/strong>, un proyecto del <strong>Servei d&#8217;Ocupaci\u00f3 de Catalunya (SOC) <\/strong>que busca fomentar la <strong>empleabilidad de personas en situaci\u00f3n de vulnerabilidad social<\/strong>, especialmente, aquellas personas que se encuentran <strong>en situaci\u00f3n de paro<\/strong>. La iniciativa ha conseguido atender un total de <strong>93 personas desde septiembre del a\u00f1o pasado<\/strong>.\u00a0<\/p>\n\n\n\n<p>En esta primera edici\u00f3n destacamos las cifras que hemos logrado como entidad social. Desde\u00a0Solidan\u00e7a\u00a0nos hab\u00edamos propuesto atender 90 personas, y hemos conseguido situarnos m\u00e1s all\u00e1 de esta cifra. Entre las personas que hemos atendido, hemos conseguido <strong>36 inserciones en el mercado de trabajo<\/strong>. Entre estas personas atendidas, un 50% derivan del Servei d&#8217;Ocupaci\u00f3 de Catalunya (SOC). <\/p>\n\n\n\n<p>El servicio inici\u00f3 el pasado 12 de septiembre de 2022 en La Nau de\u00a0Solidan\u00e7a, en Sant Joan Desp\u00ed, y dispone de aulas para la atenci\u00f3n individualizada y en grupo. Adem\u00e1s, est\u00e1 dirigido por un equipo t\u00e9cnico que cuenta con una orientadora laboral, una\u00a0prospectora, una t\u00e9cnica de apoyo y una coordinadora de la unidad de orientaci\u00f3n.\u00a0<\/p>\n\n\n\n<p><\/p>\n\n\n\n<p><strong>\u00bfC\u00f3mo organizamos los itinerarios de atenci\u00f3n?<\/strong><\/p>\n\n\n\n<p>El itinerario de atenci\u00f3n y acompa\u00f1amiento se compone de una fase de selecci\u00f3n, de orientaci\u00f3n, de prospecci\u00f3n y, por \u00faltimo, de salida. Durante este proceso, las personas que atendemos reciben el asesoramiento, los recursos y las herramientas que necesitan para <strong>mejorar el proceso de b\u00fasqueda de empleo<\/strong> en el mercado de trabajo.\u00a0<\/p>\n\n\n\n<p>Las acciones de&nbsp;Orienta&nbsp;se dirigen a todas las personas demandantes de ocupaci\u00f3n que se encuentran en situaci\u00f3n de paro, aunque la atenci\u00f3n prioritaria se reserva para los siguientes colectivos:&nbsp;&nbsp;<\/p>\n\n\n\n<ul class=\"wp-block-list\">\n<li>J\u00f3venes menores de 30 a\u00f1os con baja calificaci\u00f3n o sin estudios\u00a0<\/li>\n\n\n\n<li>J\u00f3venes con abandono escolar prematuro\u00a0<\/li>\n\n\n\n<li>J\u00f3venes en situaci\u00f3n de paro\u00a0<\/li>\n\n\n\n<li>J\u00f3venes en proceso de b\u00fasqueda de empleo por primera vez\u00a0<\/li>\n\n\n\n<li>J\u00f3venes extranjeros\u00a0<\/li>\n\n\n\n<li>Personas mayores de 45 a\u00f1os en situaci\u00f3n de paro\u00a0<\/li>\n\n\n\n<li>Personas con un nivel formativo bajo o sin estudios\u00a0<\/li>\n\n\n\n<li>Mujeres extranjeras\u00a0<\/li>\n\n\n\n<li>Personas extranjeras que llevan en el paro m\u00e1s de 6 meses\u00a0<\/li>\n\n\n\n<li>Mujeres de familias monoparentales\u00a0<\/li>\n\n\n\n<li>Personas con bajos ingresos y\/o baja actividad laboral, personas que cobran la\u00a0RGC\u00a0(Renta Garantizada de Ciudadan\u00eda) o el\u00a0IMV\u00a0(Ingreso M\u00ednimo Vital) o personas con enfermedades de salud mental\u00a0<\/li>\n\n\n\n<li>Personas en situaci\u00f3n de paro de larga duraci\u00f3n \u00a0<\/li>\n\n\n\n<li>Mujeres v\u00edctimas de violencia de g\u00e9nero<\/li>\n\n\n\n<li>Personas del colectivo\u00a0LGTBIQ+\u00a0<\/li>\n\n\n\n<li>Personas reclusas y\u00a0exreclusas\u00a0<\/li>\n<\/ul>\n\n\n\n<p>Desde\u00a0Solidan\u00e7a\u00a0seguimos trabajando para avanzar hacia la inserci\u00f3n sociolaboral en los municipios con los que colaboramos, a trav\u00e9s de la atenci\u00f3n personalizada para la inserci\u00f3n en el mundo laboral.\u00a0<\/p>\n\n\n\n<p>Esta actuaci\u00f3n est\u00e1 promovida e impulsada por el Servei P\u00fablic d&#8217;Ocupaci\u00f3 de Catalunya (SOC) a trav\u00e9s del Servicio P\u00fablico de Ocupaci\u00f3n Estatal (SEPE), con el apoyo del ayuntamiento de Sant Joan Desp\u00ed. <\/p>\n","protected":false},"excerpt":{"rendered":"<p>El Programa Orienta de que forma parte\u00a0Solidan\u00e7a\u00a0tiene el objetivo de aumentar las posibilidades de contrataciones laborales de personas en situaci\u00f3n de&#8230;<\/p>\n","protected":false},"author":2,"featured_media":7457,"comment_status":"closed","ping_status":"closed","sticky":false,"template":"","format":"standard","meta":{"_uag_custom_page_level_css":"","_kad_blocks_custom_css":"","_kad_blocks_head_custom_js":"","_kad_blocks_body_custom_js":"","_kad_blocks_footer_custom_js":"","_kad_post_transparent":"","_kad_post_title":"","_kad_post_layout":"","_kad_post_sidebar_id":"","_kad_post_content_style":"","_kad_post_vertical_padding":"","_kad_post_feature":"","_kad_post_feature_position":"","_kad_post_header":false,"_kad_post_footer":false,"_kad_post_classname":"","footnotes":""},"categories":[763],"tags":[],"class_list":["post-8463","post","type-post","status-publish","format-standard","has-post-thumbnail","hentry","category-area-social-es"],"taxonomy_info":{"category":[{"value":763,"label":"Area Social"}]},"featured_image_src_large":["https:\/\/solidanca.cat\/wp-content\/uploads\/2025\/04\/Copia-de-OFERTA-FEINA-imatge-web-noticies-8-6.png",400,200,false],"author_info":{"display_name":"Solidan\u00e7a","author_link":"https:\/\/solidanca.cat\/es\/author\/alberg\/"},"comment_info":0,"category_info":[{"term_id":763,"name":"Area Social","slug":"area-social-es","term_group":0,"term_taxonomy_id":763,"taxonomy":"category","description":"","parent":0,"count":205,"filter":"raw","cat_ID":763,"category_count":205,"category_description":"","cat_name":"Area Social","category_nicename":"area-social-es","category_parent":0}],"tag_info":false,"uagb_featured_image_src":{"full":["https:\/\/solidanca.cat\/wp-content\/uploads\/2025\/04\/Copia-de-OFERTA-FEINA-imatge-web-noticies-8-6.png",400,200,false],"thumbnail":["https:\/\/solidanca.cat\/wp-content\/uploads\/2025\/04\/Copia-de-OFERTA-FEINA-imatge-web-noticies-8-6-150x150.png",150,150,true],"medium":["https:\/\/solidanca.cat\/wp-content\/uploads\/2025\/04\/Copia-de-OFERTA-FEINA-imatge-web-noticies-8-6-300x150.png",300,150,true],"medium_large":["https:\/\/solidanca.cat\/wp-content\/uploads\/2025\/04\/Copia-de-OFERTA-FEINA-imatge-web-noticies-8-6.png",400,200,false],"large":["https:\/\/solidanca.cat\/wp-content\/uploads\/2025\/04\/Copia-de-OFERTA-FEINA-imatge-web-noticies-8-6.png",400,200,false],"1536x1536":["https:\/\/solidanca.cat\/wp-content\/uploads\/2025\/04\/Copia-de-OFERTA-FEINA-imatge-web-noticies-8-6.png",400,200,false],"2048x2048":["https:\/\/solidanca.cat\/wp-content\/uploads\/2025\/04\/Copia-de-OFERTA-FEINA-imatge-web-noticies-8-6.png",400,200,false]},"uagb_author_info":{"display_name":"Solidan\u00e7a","author_link":"https:\/\/solidanca.cat\/es\/author\/alberg\/"},"uagb_comment_info":0,"uagb_excerpt":"El Programa Orienta de que forma parte\u00a0Solidan\u00e7a\u00a0tiene el objetivo de aumentar las posibilidades de contrataciones laborales de personas en situaci\u00f3n de...","_links":{"self":[{"href":"https:\/\/solidanca.cat\/es\/wp-json\/wp\/v2\/posts\/8463","targetHints":{"allow":["GET"]}}],"collection":[{"href":"https:\/\/solidanca.cat\/es\/wp-json\/wp\/v2\/posts"}],"about":[{"href":"https:\/\/solidanca.cat\/es\/wp-json\/wp\/v2\/types\/post"}],"author":[{"embeddable":true,"href":"https:\/\/solidanca.cat\/es\/wp-json\/wp\/v2\/users\/2"}],"replies":[{"embeddable":true,"href":"https:\/\/solidanca.cat\/es\/wp-json\/wp\/v2\/comments?post=8463"}],"version-history":[{"count":1,"href":"https:\/\/solidanca.cat\/es\/wp-json\/wp\/v2\/posts\/8463\/revisions"}],"predecessor-version":[{"id":8721,"href":"https:\/\/solidanca.cat\/es\/wp-json\/wp\/v2\/posts\/8463\/revisions\/8721"}],"wp:featuredmedia":[{"embeddable":true,"href":"https:\/\/solidanca.cat\/es\/wp-json\/wp\/v2\/media\/7457"}],"wp:attachment":[{"href":"https:\/\/solidanca.cat\/es\/wp-json\/wp\/v2\/media?parent=8463"}],"wp:term":[{"taxonomy":"category","embeddable":true,"href":"https:\/\/solidanca.cat\/es\/wp-json\/wp\/v2\/categories?post=8463"},{"taxonomy":"post_tag","embeddable":true,"href":"https:\/\/solidanca.cat\/es\/wp-json\/wp\/v2\/tags?post=8463"}],"curies":[{"name":"wp","href":"https:\/\/api.w.org\/{rel}","templated":true}]}}