{"id":8464,"date":"2023-09-15T14:59:33","date_gmt":"2023-09-15T12:59:33","guid":{"rendered":"https:\/\/solidanca.con2webs.es\/solidanca-celebra-el-primer-aniversario-del-pacto-por-la-moda-circular\/"},"modified":"2023-09-15T14:59:33","modified_gmt":"2023-09-15T12:59:33","slug":"solidanca-celebra-el-primer-aniversario-del-pacto-por-la-moda-circular","status":"publish","type":"post","link":"https:\/\/solidanca.cat\/es\/solidanca-celebra-el-primer-aniversario-del-pacto-por-la-moda-circular\/","title":{"rendered":"Solidan\u00e7a celebra el primer aniversario del Pacto por la Moda Circular"},"content":{"rendered":"\n<p><strong>Este viernes 15 de septiembre se ha celebrado el acontecimiento para hacer un balance del trabajo realizado durante el primer a\u00f1o de acuerdo entre la <a href=\"https:\/\/residus.gencat.cat\/es\/inici\/\" target=\"_blank\" rel=\"noopener\">Agencia Catalana de Residuos<\/a>, la dise\u00f1adora Miriam Ponsa y\u00a0<a href=\"https:\/\/solidanca.cat\/es\/\">Solidan\u00e7a<\/a><\/strong><\/p>\n\n\n\n<p>Este\u00a0viernes 15 de septiembre\u00a0celebramos el <strong>Primer aniversario del\u00a0Pacto\u00a0por\u00a0la\u00a0Moda\u00a0Circular<\/strong> en Catalu\u00f1a, en que valoramos el trabajo que se ha llevado a cabo en estos primeros meses de funcionamiento a trav\u00e9s de una ponencia de\u00a0Solidan\u00e7a\u00a0sobre el proyecto de desfile de moda circular entre la entidad y Miriam Ponsa.<\/p>\n\n\n\n<p>Solidan\u00e7a\u00a0organiz\u00f3 el pasado 27 de abril una <strong>colaboraci\u00f3n con la dise\u00f1adora Miriam Ponsa<\/strong>, quien present\u00f3 en un desfile <a href=\"https:\/\/solidanca.cat\/es\/miriam-ponsa-desfilara-la-coleccion-reducir-en-las-instalaciones-de-solidancaroba-amiga\/\">la colecci\u00f3n REDUCIR<\/a> en las instalaciones de la entidad de Sant Just Desvern, donde se encuentra el centro de Preparaci\u00f3n para la Reutilizaci\u00f3n de residuo textil\u00a0Solidan\u00e7a\/Roba\u00a0Amiga.<\/p>\n\n\n\n<p>La entidad valora muy positivamente el efecto de esta colaboraci\u00f3n, que permiti\u00f3 <strong>sensibilizar el p\u00fablico asistente en materia de residuos textiles<\/strong>, as\u00ed como visibilizar el problema asociado al residuo textil, desde la producci\u00f3n hasta el reciclaje.<\/p>\n\n\n\n<p>El contexto actual del residuo textil demuestra que es necesario y urgente hacer cambios profundos en el modelo de producci\u00f3n y consumo del sector del textil, y avanzar hacia un modelo circular, m\u00e1s sostenible y regenerativo para el planeta. Por esta raz\u00f3n, ha surgido el <strong>Pacto por la Moda Circular<\/strong>, una iniciativa que fomenta la <strong>transformaci\u00f3n del <a href=\"https:\/\/solidanca.cat\/es\/participamos-en-la-construccion-del-simbolo-del-pacto-por-la-moda-circular-con-22-toneladas-de-ropa\/\">sector del textil hacia un modelo circular<\/a><\/strong> a partir de una perspectiva integral e integradora de todos los actores, tanto p\u00fablicos como privados, de su cadena de valor.<\/p>\n\n\n\n<p><\/p>\n\n\n\n<p><strong>\u00bfQu\u00e9 es el Pacto por la Moda Circular?<\/strong><\/p>\n\n\n\n<p>El <strong><a href=\"https:\/\/mediambient.gencat.cat\/ca\/05_ambits_dactuacio\/empresa_i_produccio_sostenible\/economia_verda\/catalunya_circular\/moda-circular\/\" target=\"_blank\" rel=\"noopener\">Pacto por la Moda Circular<\/a><\/strong> es un pacto voluntario que se establece entre varias instituciones y empresas que componen los diferentes eslabones de la cadena de valor textil de Catalu\u00f1a, que tiene lugar con el prop\u00f3sito de facilitar la <strong>incorporaci\u00f3n de medidas de circularidad<\/strong>, el <strong>impulso de proyectos colaborativos<\/strong> y la <strong>mejora de la competitividad en el sector textil<\/strong>.<\/p>\n\n\n\n<p>El Pacto se origina con la intenci\u00f3n de sumar y coordinar los esfuerzos de los agentes de la cadena de valor del textil y para responder de forma conjunta y efectiva a los retos del sector. En este sentido, la idea es establecer objetivos comunes y generar instrumentos que avancen hacia la transformaci\u00f3n del sector hacia un modelo circular.<\/p>\n\n\n\n<p>Desde\u00a0Solidan\u00e7a, trabajamos para promover un <strong>modelo de producci\u00f3n circular a trav\u00e9s de la actividad de la gesti\u00f3n integral del residuo textil<\/strong>. Los empleos vinculados a este sector las desarrollan personas que inician un itinerario de inserci\u00f3n sociolaboral en nuestra entidad. \u00a0<\/p>\n\n\n\n<p>El Pacto por la Moda Circular es un acuerdo voluntario impulsado por la <strong>Agencia de Residuos de Catalu\u00f1a<\/strong>, la <strong>dise\u00f1adora Miriam Ponsa<\/strong> y\u00a0<strong>Solidan\u00e7a<\/strong>.<\/p>\n","protected":false},"excerpt":{"rendered":"<p>Este viernes 15 de septiembre se ha celebrado el acontecimiento para hacer un balance del trabajo realizado durante el primer a\u00f1o&#8230;<\/p>\n","protected":false},"author":2,"featured_media":7455,"comment_status":"closed","ping_status":"closed","sticky":false,"template":"","format":"standard","meta":{"_uag_custom_page_level_css":"","_kad_blocks_custom_css":"","_kad_blocks_head_custom_js":"","_kad_blocks_body_custom_js":"","_kad_blocks_footer_custom_js":"","_kad_post_transparent":"","_kad_post_title":"","_kad_post_layout":"","_kad_post_sidebar_id":"","_kad_post_content_style":"","_kad_post_vertical_padding":"","_kad_post_feature":"","_kad_post_feature_position":"","_kad_post_header":false,"_kad_post_footer":false,"_kad_post_classname":"","footnotes":""},"categories":[761,766],"tags":[],"class_list":["post-8464","post","type-post","status-publish","format-standard","has-post-thumbnail","hentry","category-medio-ambiente","category-medio-ambienteroba-amiga"],"taxonomy_info":{"category":[{"value":761,"label":"MEDIO AMBIENTE"},{"value":766,"label":"Medio ambiente&gt;Roba Amiga"}]},"featured_image_src_large":["https:\/\/solidanca.cat\/wp-content\/uploads\/2025\/04\/Copia-de-OFERTA-FEINA-imatge-web-noticies-6-10.png",400,200,false],"author_info":{"display_name":"Solidan\u00e7a","author_link":"https:\/\/solidanca.cat\/es\/author\/alberg\/"},"comment_info":0,"category_info":[{"term_id":761,"name":"MEDIO AMBIENTE","slug":"medio-ambiente","term_group":0,"term_taxonomy_id":761,"taxonomy":"category","description":"","parent":0,"count":263,"filter":"raw","cat_ID":761,"category_count":263,"category_description":"","cat_name":"MEDIO AMBIENTE","category_nicename":"medio-ambiente","category_parent":0},{"term_id":766,"name":"Medio ambiente&gt;Roba Amiga","slug":"medio-ambienteroba-amiga","term_group":0,"term_taxonomy_id":766,"taxonomy":"category","description":"","parent":0,"count":61,"filter":"raw","cat_ID":766,"category_count":61,"category_description":"","cat_name":"Medio ambiente&gt;Roba Amiga","category_nicename":"medio-ambienteroba-amiga","category_parent":0}],"tag_info":false,"uagb_featured_image_src":{"full":["https:\/\/solidanca.cat\/wp-content\/uploads\/2025\/04\/Copia-de-OFERTA-FEINA-imatge-web-noticies-6-10.png",400,200,false],"thumbnail":["https:\/\/solidanca.cat\/wp-content\/uploads\/2025\/04\/Copia-de-OFERTA-FEINA-imatge-web-noticies-6-10-150x150.png",150,150,true],"medium":["https:\/\/solidanca.cat\/wp-content\/uploads\/2025\/04\/Copia-de-OFERTA-FEINA-imatge-web-noticies-6-10-300x150.png",300,150,true],"medium_large":["https:\/\/solidanca.cat\/wp-content\/uploads\/2025\/04\/Copia-de-OFERTA-FEINA-imatge-web-noticies-6-10.png",400,200,false],"large":["https:\/\/solidanca.cat\/wp-content\/uploads\/2025\/04\/Copia-de-OFERTA-FEINA-imatge-web-noticies-6-10.png",400,200,false],"1536x1536":["https:\/\/solidanca.cat\/wp-content\/uploads\/2025\/04\/Copia-de-OFERTA-FEINA-imatge-web-noticies-6-10.png",400,200,false],"2048x2048":["https:\/\/solidanca.cat\/wp-content\/uploads\/2025\/04\/Copia-de-OFERTA-FEINA-imatge-web-noticies-6-10.png",400,200,false]},"uagb_author_info":{"display_name":"Solidan\u00e7a","author_link":"https:\/\/solidanca.cat\/es\/author\/alberg\/"},"uagb_comment_info":0,"uagb_excerpt":"Este viernes 15 de septiembre se ha celebrado el acontecimiento para hacer un balance del trabajo realizado durante el primer a\u00f1o...","_links":{"self":[{"href":"https:\/\/solidanca.cat\/es\/wp-json\/wp\/v2\/posts\/8464","targetHints":{"allow":["GET"]}}],"collection":[{"href":"https:\/\/solidanca.cat\/es\/wp-json\/wp\/v2\/posts"}],"about":[{"href":"https:\/\/solidanca.cat\/es\/wp-json\/wp\/v2\/types\/post"}],"author":[{"embeddable":true,"href":"https:\/\/solidanca.cat\/es\/wp-json\/wp\/v2\/users\/2"}],"replies":[{"embeddable":true,"href":"https:\/\/solidanca.cat\/es\/wp-json\/wp\/v2\/comments?post=8464"}],"version-history":[{"count":0,"href":"https:\/\/solidanca.cat\/es\/wp-json\/wp\/v2\/posts\/8464\/revisions"}],"wp:featuredmedia":[{"embeddable":true,"href":"https:\/\/solidanca.cat\/es\/wp-json\/wp\/v2\/media\/7455"}],"wp:attachment":[{"href":"https:\/\/solidanca.cat\/es\/wp-json\/wp\/v2\/media?parent=8464"}],"wp:term":[{"taxonomy":"category","embeddable":true,"href":"https:\/\/solidanca.cat\/es\/wp-json\/wp\/v2\/categories?post=8464"},{"taxonomy":"post_tag","embeddable":true,"href":"https:\/\/solidanca.cat\/es\/wp-json\/wp\/v2\/tags?post=8464"}],"curies":[{"name":"wp","href":"https:\/\/api.w.org\/{rel}","templated":true}]}}