{"id":8471,"date":"2023-10-10T12:42:13","date_gmt":"2023-10-10T10:42:13","guid":{"rendered":"https:\/\/solidanca.con2webs.es\/consolidando-red-visita-tecnica-de-laeress-en-lencant-de-salt\/"},"modified":"2023-10-10T12:42:13","modified_gmt":"2023-10-10T10:42:13","slug":"consolidando-red-visita-tecnica-de-laeress-en-lencant-de-salt","status":"publish","type":"post","link":"https:\/\/solidanca.cat\/es\/consolidando-red-visita-tecnica-de-laeress-en-lencant-de-salt\/","title":{"rendered":"Consolidando red. Visita t\u00e9cnica de l&#8217;AERESS en l&#8217;Encant de Salt."},"content":{"rendered":"\n<p>La Asociaci\u00f3n Espa\u00f1ola de Recuperadores de Econom\u00eda Social y Solidaria (AERESS), de la que Solidan\u00e7a forma parte desde sus inicios, ha visitado nuestra tienda de segunda mano con valor social&nbsp;L\u2019Encant&nbsp;de Salt de Girona con motivo del proyecto \u00abenlacESS\u00bb subvencionado por el Ministerio de Derechos Sociales y Agenda 2030 del Gobierno de Espa\u00f1a.&nbsp;<br>&nbsp;<br>El Proyecto \u00abenlacESS\u00bb nace para impulsar y consolidar la colaboraci\u00f3n en red de las entidades recuperadoras de la Econom\u00eda Social y Solidaria, mediante el intercambio de buenas pr\u00e1cticas y el desarrollo de modelos inclusivos y circulares. Esta visita a l\u2019Encant de Salt sirve para potenciar este trabajo en red de las diferentes entidades hacia un futuro m\u00e1s social y cumplir con los objetivos de desarrollo sostenible.&nbsp;<br>&nbsp;<br>L\u2019Encant de Salt, que ahora har\u00e1 su segundo aniversario, se ha convertido en un referente de la econom\u00eda circular en la provincia de Girona gracias a la buena gesti\u00f3n de los residuos que llegan a la planta recuperadora y que despu\u00e9s la ponen, de nuevo, en circulaci\u00f3n en tienda ampliando as\u00ed la vida \u00fatil de ropa, muebles o electrodom\u00e9sticos.&nbsp;<br>&nbsp;<br>Con esta visita de AERESS al Encant de Salt continuamos trabajando para unos objetivos comunes que implican mejorar, a\u00fan m\u00e1s, todos los procesos y ser m\u00e1s efectivos en la gesti\u00f3n y la recuperaci\u00f3n de los residuos.&nbsp;<\/p>\n","protected":false},"excerpt":{"rendered":"<p>La Asociaci\u00f3n Espa\u00f1ola de Recuperadores de Econom\u00eda Social y Solidaria (AERESS), de la que Solidan\u00e7a forma parte desde sus inicios, ha&#8230;<\/p>\n","protected":false},"author":2,"featured_media":0,"comment_status":"closed","ping_status":"closed","sticky":false,"template":"","format":"standard","meta":{"_uag_custom_page_level_css":"","_kad_blocks_custom_css":"","_kad_blocks_head_custom_js":"","_kad_blocks_body_custom_js":"","_kad_blocks_footer_custom_js":"","_kad_post_transparent":"","_kad_post_title":"","_kad_post_layout":"","_kad_post_sidebar_id":"","_kad_post_content_style":"","_kad_post_vertical_padding":"","_kad_post_feature":"","_kad_post_feature_position":"","_kad_post_header":false,"_kad_post_footer":false,"_kad_post_classname":"","footnotes":""},"categories":[8],"tags":[],"class_list":["post-8471","post","type-post","status-publish","format-standard","hentry","category-sin-categorizar"],"taxonomy_info":{"category":[{"value":8,"label":"Sin categorizar"}]},"featured_image_src_large":false,"author_info":{"display_name":"Solidan\u00e7a","author_link":"https:\/\/solidanca.cat\/es\/author\/alberg\/"},"comment_info":0,"category_info":[{"term_id":8,"name":"Sin categorizar","slug":"sin-categorizar","term_group":0,"term_taxonomy_id":8,"taxonomy":"category","description":"","parent":0,"count":199,"filter":"raw","cat_ID":8,"category_count":199,"category_description":"","cat_name":"Sin categorizar","category_nicename":"sin-categorizar","category_parent":0}],"tag_info":false,"uagb_featured_image_src":{"full":false,"thumbnail":false,"medium":false,"medium_large":false,"large":false,"1536x1536":false,"2048x2048":false},"uagb_author_info":{"display_name":"Solidan\u00e7a","author_link":"https:\/\/solidanca.cat\/es\/author\/alberg\/"},"uagb_comment_info":0,"uagb_excerpt":"La Asociaci\u00f3n Espa\u00f1ola de Recuperadores de Econom\u00eda Social y Solidaria (AERESS), de la que Solidan\u00e7a forma parte desde sus inicios, ha...","_links":{"self":[{"href":"https:\/\/solidanca.cat\/es\/wp-json\/wp\/v2\/posts\/8471","targetHints":{"allow":["GET"]}}],"collection":[{"href":"https:\/\/solidanca.cat\/es\/wp-json\/wp\/v2\/posts"}],"about":[{"href":"https:\/\/solidanca.cat\/es\/wp-json\/wp\/v2\/types\/post"}],"author":[{"embeddable":true,"href":"https:\/\/solidanca.cat\/es\/wp-json\/wp\/v2\/users\/2"}],"replies":[{"embeddable":true,"href":"https:\/\/solidanca.cat\/es\/wp-json\/wp\/v2\/comments?post=8471"}],"version-history":[{"count":0,"href":"https:\/\/solidanca.cat\/es\/wp-json\/wp\/v2\/posts\/8471\/revisions"}],"wp:attachment":[{"href":"https:\/\/solidanca.cat\/es\/wp-json\/wp\/v2\/media?parent=8471"}],"wp:term":[{"taxonomy":"category","embeddable":true,"href":"https:\/\/solidanca.cat\/es\/wp-json\/wp\/v2\/categories?post=8471"},{"taxonomy":"post_tag","embeddable":true,"href":"https:\/\/solidanca.cat\/es\/wp-json\/wp\/v2\/tags?post=8471"}],"curies":[{"name":"wp","href":"https:\/\/api.w.org\/{rel}","templated":true}]}}