{"id":8481,"date":"2023-10-24T09:26:34","date_gmt":"2023-10-24T07:26:34","guid":{"rendered":"https:\/\/solidanca.con2webs.es\/hagamos-el-textil-circular-la-jornada-sobre-innovacion-textil-en-la-sede-de-solidanca-roba-amiga\/"},"modified":"2023-10-24T09:26:36","modified_gmt":"2023-10-24T07:26:36","slug":"hagamos-el-textil-circular-la-jornada-sobre-innovacion-textil-en-la-sede-de-solidanca-roba-amiga","status":"publish","type":"post","link":"https:\/\/solidanca.cat\/es\/hagamos-el-textil-circular-la-jornada-sobre-innovacion-textil-en-la-sede-de-solidanca-roba-amiga\/","title":{"rendered":"\u2018Hagamos el textil circular\u2019, la jornada sobre innovaci\u00f3n textil en la sede de Solidan\u00e7a Roba Amiga"},"content":{"rendered":"\n<p>El pr\u00f3ximo 8 de noviembre Solidan\u00e7a Roba Amiga celebraremos la jornada &#8216;Hagamos el textil circular&#8217;, un evento especializado en el futuro del tejido circular donde compartiremos diferentes proyectos e iniciativas de innovaci\u00f3n textil y de \u00e1mbito social y en nuestra sede de Sant Just Desvern (C\/Trabajo, 5). El evento finalizar\u00e1 con el desfile de la nueva l\u00ednea de ropa de Circular Upcycling en la misma sede de Solidan\u00e7a.<\/p>\n\n\n<div class=\"wp-block-image\">\n<figure class=\"alignleft size-large is-resized\"><img loading=\"lazy\" decoding=\"async\" src=\"https:\/\/solidanca.cat\/wp-content\/uploads\/2023\/11\/Programa-Jornada-8-Nov.-HAGAMOS-TEXTIL-EL-CIRCULAR-programa-1-1-724x1024.jpg\" alt=\"\" class=\"wp-image-17045\" width=\"328\" height=\"464\"\/><\/figure>\n<\/div>\n\n\n<p>La jornada contar\u00e1 con entidades, empresas e instituciones del sector con el objetivo de compartir tendencias y novedades en la gesti\u00f3n del residuo textil y conocer proyectos referentes en innovaci\u00f3n tecnol\u00f3gica destacados por su circularidad en el \u00e1mbito social.<\/p>\n\n\n\n<p>Iniciaremos esta edici\u00f3n de &#8216;Hagamos\u00a0el textilcircular&#8217; con la visita guiada por la Planta de Preparaci\u00f3n para la Reutilizaci\u00f3n de Solidan\u00e7a Ropa Amiga.<\/p>\n\n\n\n<p>Acto seguido, Pilar&nbsp;Chiva,&nbsp;directora&nbsp;del \u00c1rea&nbsp;de econom\u00eda circular de la Agencia de Residuos de Catalu\u00f1a, presentar\u00e1 la jornada exponiendo los resultados del Pacto por la Moda Circular, iniciativa de la que Solidanza&nbsp;Ropa Amiga forma parte, para despu\u00e9s dar paso a las Mesas redondas: &#8216;Innovaci\u00f3n sobre los retos de futuro por el tejido circular&#8217; e &#8216;Iniciativas sociales por un tejido circular&#8217;.<\/p>\n\n\n\n<p>La primera mesa redonda, &#8216;Innovaci\u00f3n sobre los retos de futuro por el tejido circular&#8217;, ser\u00e1 presidida por Marc Puyuelo, de COLEO, Montse Bayen, de MODACC, y Judit Gonzalez de Eurecat, y dinamizada por la responsable del \u00e1rea de medio ambiente de\u00a0Solidan\u00e7a, Nati\u00a0Yesares.<\/p>\n\n\n\n<p>En el segundo bloque, &#8216;Proyectos sociales por la moda circular&#8217;, las ponentes ser\u00e1n Natalia Castellano, de AERESS, Joan Ca\u00f1ellas del Ayuntamiento de Barcelona, Alicia de Fundaci\u00f3n Deixalles y Nati Yesares, del \u00e1rea de Medio Ambiente de Solidan\u00e7a . La mesa redonda ser\u00e1 dinamizada por Marc Pintor, gerente de nuestra entidad.<\/p>\n\n\n\n<p>El cierre de la jornada t\u00e9cnica estar\u00e1 representado por D\u00aa. Isabel Garc\u00eda Subdirectora General de Trabajo en la Diversidad y el Tercer Sector.<\/p>\n\n\n\n<p>Finalizaremos la jornada con el desfile final de la nueva colecci\u00f3n de CIRCULAR\u00a0UPCYCLING, marca impulsada por\u00a0Solidan\u00e7a\u00a0Ropa Amiga que busca crear alternativas pr\u00e1cticas al modelo dominante de la industria de la moda, para ofrecer una opci\u00f3n sostenible y respetuosa tanto con el medio ambiente como con las personas.<\/p>\n\n\n\n<p class=\"has-black-color has-text-color\">Si te interesa asistir a la jornada, es obligatorio inscribirse a trav\u00e9s de este enlace: https:\/\/bit.ly\/3M70faB   <strong>\u00a1PLAZAS COMPLETAS!<\/strong><\/p>\n","protected":false},"excerpt":{"rendered":"<p>El pr\u00f3ximo 8 de noviembre Solidan\u00e7a Roba Amiga celebraremos la jornada &#8216;Hagamos el textil circular&#8217;, un evento especializado en el futuro&#8230;<\/p>\n","protected":false},"author":2,"featured_media":7576,"comment_status":"open","ping_status":"closed","sticky":false,"template":"","format":"standard","meta":{"_uag_custom_page_level_css":"","_kad_blocks_custom_css":"","_kad_blocks_head_custom_js":"","_kad_blocks_body_custom_js":"","_kad_blocks_footer_custom_js":"","_kad_post_transparent":"","_kad_post_title":"","_kad_post_layout":"","_kad_post_sidebar_id":"","_kad_post_content_style":"","_kad_post_vertical_padding":"","_kad_post_feature":"","_kad_post_feature_position":"","_kad_post_header":false,"_kad_post_footer":false,"_kad_post_classname":"","footnotes":""},"categories":[763,761,766,756],"tags":[],"class_list":["post-8481","post","type-post","status-publish","format-standard","has-post-thumbnail","hentry","category-area-social-es","category-medio-ambiente","category-medio-ambienteroba-amiga","category-tiendas"],"taxonomy_info":{"category":[{"value":763,"label":"Area Social"},{"value":761,"label":"MEDIO AMBIENTE"},{"value":766,"label":"Medio ambiente&gt;Roba Amiga"},{"value":756,"label":"Tiendas"}]},"featured_image_src_large":["https:\/\/solidanca.cat\/wp-content\/uploads\/2025\/04\/FOTO-NOTICIES-WEB-2024-12-11T150125.711-3.jpg",800,400,false],"author_info":{"display_name":"Solidan\u00e7a","author_link":"https:\/\/solidanca.cat\/es\/author\/alberg\/"},"comment_info":0,"category_info":[{"term_id":763,"name":"Area Social","slug":"area-social-es","term_group":0,"term_taxonomy_id":763,"taxonomy":"category","description":"","parent":0,"count":205,"filter":"raw","cat_ID":763,"category_count":205,"category_description":"","cat_name":"Area Social","category_nicename":"area-social-es","category_parent":0},{"term_id":761,"name":"MEDIO AMBIENTE","slug":"medio-ambiente","term_group":0,"term_taxonomy_id":761,"taxonomy":"category","description":"","parent":0,"count":263,"filter":"raw","cat_ID":761,"category_count":263,"category_description":"","cat_name":"MEDIO AMBIENTE","category_nicename":"medio-ambiente","category_parent":0},{"term_id":766,"name":"Medio ambiente&gt;Roba Amiga","slug":"medio-ambienteroba-amiga","term_group":0,"term_taxonomy_id":766,"taxonomy":"category","description":"","parent":0,"count":61,"filter":"raw","cat_ID":766,"category_count":61,"category_description":"","cat_name":"Medio ambiente&gt;Roba Amiga","category_nicename":"medio-ambienteroba-amiga","category_parent":0},{"term_id":756,"name":"Tiendas","slug":"tiendas","term_group":0,"term_taxonomy_id":756,"taxonomy":"category","description":"","parent":0,"count":60,"filter":"raw","cat_ID":756,"category_count":60,"category_description":"","cat_name":"Tiendas","category_nicename":"tiendas","category_parent":0}],"tag_info":false,"uagb_featured_image_src":{"full":["https:\/\/solidanca.cat\/wp-content\/uploads\/2025\/04\/FOTO-NOTICIES-WEB-2024-12-11T150125.711-3.jpg",800,400,false],"thumbnail":["https:\/\/solidanca.cat\/wp-content\/uploads\/2025\/04\/FOTO-NOTICIES-WEB-2024-12-11T150125.711-3-150x150.jpg",150,150,true],"medium":["https:\/\/solidanca.cat\/wp-content\/uploads\/2025\/04\/FOTO-NOTICIES-WEB-2024-12-11T150125.711-3-300x150.jpg",300,150,true],"medium_large":["https:\/\/solidanca.cat\/wp-content\/uploads\/2025\/04\/FOTO-NOTICIES-WEB-2024-12-11T150125.711-3-768x384.jpg",768,384,true],"large":["https:\/\/solidanca.cat\/wp-content\/uploads\/2025\/04\/FOTO-NOTICIES-WEB-2024-12-11T150125.711-3.jpg",800,400,false],"1536x1536":["https:\/\/solidanca.cat\/wp-content\/uploads\/2025\/04\/FOTO-NOTICIES-WEB-2024-12-11T150125.711-3.jpg",800,400,false],"2048x2048":["https:\/\/solidanca.cat\/wp-content\/uploads\/2025\/04\/FOTO-NOTICIES-WEB-2024-12-11T150125.711-3.jpg",800,400,false]},"uagb_author_info":{"display_name":"Solidan\u00e7a","author_link":"https:\/\/solidanca.cat\/es\/author\/alberg\/"},"uagb_comment_info":0,"uagb_excerpt":"El pr\u00f3ximo 8 de noviembre Solidan\u00e7a Roba Amiga celebraremos la jornada &#8216;Hagamos el textil circular&#8217;, un evento especializado en el futuro...","_links":{"self":[{"href":"https:\/\/solidanca.cat\/es\/wp-json\/wp\/v2\/posts\/8481","targetHints":{"allow":["GET"]}}],"collection":[{"href":"https:\/\/solidanca.cat\/es\/wp-json\/wp\/v2\/posts"}],"about":[{"href":"https:\/\/solidanca.cat\/es\/wp-json\/wp\/v2\/types\/post"}],"author":[{"embeddable":true,"href":"https:\/\/solidanca.cat\/es\/wp-json\/wp\/v2\/users\/2"}],"replies":[{"embeddable":true,"href":"https:\/\/solidanca.cat\/es\/wp-json\/wp\/v2\/comments?post=8481"}],"version-history":[{"count":0,"href":"https:\/\/solidanca.cat\/es\/wp-json\/wp\/v2\/posts\/8481\/revisions"}],"wp:featuredmedia":[{"embeddable":true,"href":"https:\/\/solidanca.cat\/es\/wp-json\/wp\/v2\/media\/7576"}],"wp:attachment":[{"href":"https:\/\/solidanca.cat\/es\/wp-json\/wp\/v2\/media?parent=8481"}],"wp:term":[{"taxonomy":"category","embeddable":true,"href":"https:\/\/solidanca.cat\/es\/wp-json\/wp\/v2\/categories?post=8481"},{"taxonomy":"post_tag","embeddable":true,"href":"https:\/\/solidanca.cat\/es\/wp-json\/wp\/v2\/tags?post=8481"}],"curies":[{"name":"wp","href":"https:\/\/api.w.org\/{rel}","templated":true}]}}