{"id":8499,"date":"2023-11-08T13:33:00","date_gmt":"2023-11-08T12:33:00","guid":{"rendered":"https:\/\/solidanca.con2webs.es\/exito-en-la-jornada-hagamos-el-textil-circular-el-evento-especializado-en-innovacion-textil-con-valor-social\/"},"modified":"2023-11-08T13:33:00","modified_gmt":"2023-11-08T12:33:00","slug":"exito-en-la-jornada-hagamos-el-textil-circular-el-evento-especializado-en-innovacion-textil-con-valor-social","status":"publish","type":"post","link":"https:\/\/solidanca.cat\/es\/exito-en-la-jornada-hagamos-el-textil-circular-el-evento-especializado-en-innovacion-textil-con-valor-social\/","title":{"rendered":"\u00c9xito en la Jornada &#8216;Hagamos el textil circular&#8217;, el evento especializado en innovaci\u00f3n textil con valor social"},"content":{"rendered":"\n<p>Hemos celebrado la jornada &#8216;Hagamos el textil circular&#8217;, un evento especializado en el futuro del tejido circular donde hemos compartido diferentes proyectos e iniciativas de innovaci\u00f3n textil y de \u00e1mbito social en nuestra sede de Sant Just Desvern. El evento ha finalizado con el&nbsp;desfile&nbsp;de la nueva l\u00ednea de ropa de&nbsp;Circular Upcycling&nbsp;de Solidan\u00e7a.<\/p>\n\n\n<div class=\"wp-block-image\">\n<figure class=\"alignleft size-large is-resized\"><img loading=\"lazy\" decoding=\"async\" src=\"https:\/\/solidanca.cat\/wp-content\/uploads\/2023\/11\/Programa-Jornada-8-Nov.-HAGAMOS-TEXTIL-EL-CIRCULAR-programa-1-724x1024.jpg\" alt=\"\" class=\"wp-image-17038\" width=\"403\" height=\"563\"\/><\/figure>\n<\/div>\n\n\n<p>La jornada ha contado con la presencia de entidades, empresas e instituciones del sector con el objetivo de compartir las tendencias y novedades en la gesti\u00f3n del residuo textil y conocer proyectos referentes en innovaci\u00f3n tecnol\u00f3gica destacados por su circularidad en el \u00e1mbito social.<\/p>\n\n\n\n<p>Hemos iniciado esta edici\u00f3n de &#8216;Hagamos&nbsp;el textil circular&#8217; con la visita guiada por la Planta de Preparaci\u00f3n para la Reutilizaci\u00f3n de Solidan\u00e7a Ropa Amiga.<\/p>\n\n\n\n<p>Acto seguido, Pilar&nbsp;Chiva,&nbsp;directora&nbsp;del \u00c1rea de econom\u00eda circular de la Agencia de Residuos de Catalu\u00f1a, ha presentado la jornada exponiendo los resultados del Pacto por la Moda Circular, para despu\u00e9s dar paso a las Mesas redondas: &#8216;Innovaci\u00f3n sobre los retos de futuro por el tejido circular&#8217; e &#8216;Iniciativas sociales por un tejido circular&#8217;.<\/p>\n\n\n\n<p>La primera mesa redonda, &#8216;Innovaci\u00f3n sobre los retos de futuro por el tejido circular&#8217;, ha sido presidida por Marc Puyuelo, de COLEO, Montse, Bayen, de MODACC, y Judit Gonzalez de Eurecat, y dinamizada por la responsable del \u00e1rea de medio ambiente de&nbsp;Solidan\u00e7a, Nati&nbsp;Yesares.<\/p>\n\n\n\n<p>En esta primera tabla hemos comprendido los nuevos retos que es necesario asumir para avanzar hacia un futuro m\u00e1s circular: integrar la sostenibilidad desde la fase de dise\u00f1o, desarrollar tecnolog\u00edas eficientes de reciclaje, reconfigurar las cadenas de suministro para ser m\u00e1s locales, transparentes y con menor impacto ambiental, as\u00ed como modificar la cultura del consumo, establecer regulaciones y pol\u00edticas o fomentar la cooperaci\u00f3n entre actores del sector.<\/p>\n\n\n\n<p>En el segundo bloque,&nbsp;&#8216;Proyectos sociales por la moda circular&#8217;, las ponentes han sido&nbsp;Natalia&nbsp;Castellano, de AERESS, Joan Ca\u00f1ellas del Ayuntamiento de Barcelona, Alicia de Fundaci\u00f3n Deixalles y Nati&nbsp;Yesares, del \u00e1rea de Medio Ambiente de Solidan\u00e7a. La dinamizaci\u00f3n ha corrido a cargo de Marc Pintor, gerente de nuestra entidad y finalizada por Isabel Garc\u00eda, subdirectora del Departamento de Econom\u00eda Social y Tercer Sector de la Generalitat.<\/p>\n\n\n\n<p>Durante la ponencia, hemos compartido diversas iniciativas que trabajan por la inclusi\u00f3n social en el mundo de la moda sostenible, entendiendo que estos proyectos muestran que la sostenibilidad va m\u00e1s all\u00e1 de la producci\u00f3n y el consumo ecol\u00f3gico; tambi\u00e9n incluyen un cambio positivo en la sociedad, fomentando una industria m\u00e1s \u00e9tica e inclusiva.<\/p>\n\n\n\n<p>Hemos dado por concluida la jornada con el desfile final de la nueva colecci\u00f3n de CIRCULAR UPCYCLING, marca impulsada por Solidan\u00e7a Ropa Amiga, que busca crear alternativas pr\u00e1cticas al modelo dominante de la industria de la moda, para ofrecer una opci\u00f3n sostenible y respetuosa tanto con el medio ambiente como con las personas.<\/p>\n","protected":false},"excerpt":{"rendered":"<p>Hemos celebrado la jornada &#8216;Hagamos el textil circular&#8217;, un evento especializado en el futuro del tejido circular donde hemos compartido diferentes&#8230;<\/p>\n","protected":false},"author":2,"featured_media":7669,"comment_status":"open","ping_status":"closed","sticky":false,"template":"","format":"standard","meta":{"_uag_custom_page_level_css":"","_kad_blocks_custom_css":"","_kad_blocks_head_custom_js":"","_kad_blocks_body_custom_js":"","_kad_blocks_footer_custom_js":"","_kad_post_transparent":"","_kad_post_title":"","_kad_post_layout":"","_kad_post_sidebar_id":"","_kad_post_content_style":"","_kad_post_vertical_padding":"","_kad_post_feature":"","_kad_post_feature_position":"","_kad_post_header":false,"_kad_post_footer":false,"_kad_post_classname":"","footnotes":""},"categories":[763,761,766,756],"tags":[],"class_list":["post-8499","post","type-post","status-publish","format-standard","has-post-thumbnail","hentry","category-area-social-es","category-medio-ambiente","category-medio-ambienteroba-amiga","category-tiendas"],"taxonomy_info":{"category":[{"value":763,"label":"Area Social"},{"value":761,"label":"MEDIO AMBIENTE"},{"value":766,"label":"Medio ambiente&gt;Roba Amiga"},{"value":756,"label":"Tiendas"}]},"featured_image_src_large":["https:\/\/solidanca.cat\/wp-content\/uploads\/2025\/04\/WhatsApp-Image-2024-11-13-at-14.55.08-2-e1737626475625-3-1024x720.jpg",1024,720,true],"author_info":{"display_name":"Solidan\u00e7a","author_link":"https:\/\/solidanca.cat\/es\/author\/alberg\/"},"comment_info":0,"category_info":[{"term_id":763,"name":"Area Social","slug":"area-social-es","term_group":0,"term_taxonomy_id":763,"taxonomy":"category","description":"","parent":0,"count":208,"filter":"raw","cat_ID":763,"category_count":208,"category_description":"","cat_name":"Area Social","category_nicename":"area-social-es","category_parent":0},{"term_id":761,"name":"MEDIO AMBIENTE","slug":"medio-ambiente","term_group":0,"term_taxonomy_id":761,"taxonomy":"category","description":"","parent":0,"count":263,"filter":"raw","cat_ID":761,"category_count":263,"category_description":"","cat_name":"MEDIO AMBIENTE","category_nicename":"medio-ambiente","category_parent":0},{"term_id":766,"name":"Medio ambiente&gt;Roba Amiga","slug":"medio-ambienteroba-amiga","term_group":0,"term_taxonomy_id":766,"taxonomy":"category","description":"","parent":0,"count":61,"filter":"raw","cat_ID":766,"category_count":61,"category_description":"","cat_name":"Medio ambiente&gt;Roba Amiga","category_nicename":"medio-ambienteroba-amiga","category_parent":0},{"term_id":756,"name":"Tiendas","slug":"tiendas","term_group":0,"term_taxonomy_id":756,"taxonomy":"category","description":"","parent":0,"count":60,"filter":"raw","cat_ID":756,"category_count":60,"category_description":"","cat_name":"Tiendas","category_nicename":"tiendas","category_parent":0}],"tag_info":false,"uagb_featured_image_src":{"full":["https:\/\/solidanca.cat\/wp-content\/uploads\/2025\/04\/WhatsApp-Image-2024-11-13-at-14.55.08-2-e1737626475625-3.jpg",1526,1073,false],"thumbnail":["https:\/\/solidanca.cat\/wp-content\/uploads\/2025\/04\/WhatsApp-Image-2024-11-13-at-14.55.08-2-e1737626475625-3-150x150.jpg",150,150,true],"medium":["https:\/\/solidanca.cat\/wp-content\/uploads\/2025\/04\/WhatsApp-Image-2024-11-13-at-14.55.08-2-e1737626475625-3-300x211.jpg",300,211,true],"medium_large":["https:\/\/solidanca.cat\/wp-content\/uploads\/2025\/04\/WhatsApp-Image-2024-11-13-at-14.55.08-2-e1737626475625-3-768x540.jpg",768,540,true],"large":["https:\/\/solidanca.cat\/wp-content\/uploads\/2025\/04\/WhatsApp-Image-2024-11-13-at-14.55.08-2-e1737626475625-3-1024x720.jpg",1024,720,true],"1536x1536":["https:\/\/solidanca.cat\/wp-content\/uploads\/2025\/04\/WhatsApp-Image-2024-11-13-at-14.55.08-2-e1737626475625-3.jpg",1526,1073,false],"2048x2048":["https:\/\/solidanca.cat\/wp-content\/uploads\/2025\/04\/WhatsApp-Image-2024-11-13-at-14.55.08-2-e1737626475625-3.jpg",1526,1073,false]},"uagb_author_info":{"display_name":"Solidan\u00e7a","author_link":"https:\/\/solidanca.cat\/es\/author\/alberg\/"},"uagb_comment_info":0,"uagb_excerpt":"Hemos celebrado la jornada &#8216;Hagamos el textil circular&#8217;, un evento especializado en el futuro del tejido circular donde hemos compartido diferentes...","_links":{"self":[{"href":"https:\/\/solidanca.cat\/es\/wp-json\/wp\/v2\/posts\/8499","targetHints":{"allow":["GET"]}}],"collection":[{"href":"https:\/\/solidanca.cat\/es\/wp-json\/wp\/v2\/posts"}],"about":[{"href":"https:\/\/solidanca.cat\/es\/wp-json\/wp\/v2\/types\/post"}],"author":[{"embeddable":true,"href":"https:\/\/solidanca.cat\/es\/wp-json\/wp\/v2\/users\/2"}],"replies":[{"embeddable":true,"href":"https:\/\/solidanca.cat\/es\/wp-json\/wp\/v2\/comments?post=8499"}],"version-history":[{"count":0,"href":"https:\/\/solidanca.cat\/es\/wp-json\/wp\/v2\/posts\/8499\/revisions"}],"wp:featuredmedia":[{"embeddable":true,"href":"https:\/\/solidanca.cat\/es\/wp-json\/wp\/v2\/media\/7669"}],"wp:attachment":[{"href":"https:\/\/solidanca.cat\/es\/wp-json\/wp\/v2\/media?parent=8499"}],"wp:term":[{"taxonomy":"category","embeddable":true,"href":"https:\/\/solidanca.cat\/es\/wp-json\/wp\/v2\/categories?post=8499"},{"taxonomy":"post_tag","embeddable":true,"href":"https:\/\/solidanca.cat\/es\/wp-json\/wp\/v2\/tags?post=8499"}],"curies":[{"name":"wp","href":"https:\/\/api.w.org\/{rel}","templated":true}]}}