{"id":8503,"date":"2023-11-13T12:30:57","date_gmt":"2023-11-13T11:30:57","guid":{"rendered":"https:\/\/solidanca.con2webs.es\/personas-planeta-y-accion-la-conferencia-europea-sobre-economia-social\/"},"modified":"2023-11-13T12:30:55","modified_gmt":"2023-11-13T11:30:55","slug":"personas-planeta-y-accion-la-conferencia-europea-sobre-economia-social","status":"publish","type":"post","link":"https:\/\/solidanca.cat\/es\/personas-planeta-y-accion-la-conferencia-europea-sobre-economia-social\/","title":{"rendered":"Personas, Planeta y Acci\u00f3n&#8217;, la Conferencia Europea sobre Econom\u00eda Social"},"content":{"rendered":"\n<p>Hoy hemos asistido a La &#8216;<strong>Conferencia Europea de Econom\u00eda Social: Personas, Planeta, Acci\u00f3n<\/strong>&#8216;, organizada por el Ministerio de Trabajo y Econom\u00eda Social en Donosti, una jornada que tiene el objetivo de poner en valor y visibilizar el peso socioecon\u00f3mico del <strong>modelo empresarial de la Econom\u00eda Social y Solidaria <\/strong>en todo el mundo y especialmente en Catalu\u00f1a y Espa\u00f1a, referente internacional a Econom\u00eda Social.<\/p>\n\n\n<div class=\"wp-block-image\">\n<figure class=\"alignleft size-large is-resized\"><img loading=\"lazy\" decoding=\"async\" src=\"https:\/\/solidanca.cat\/wp-content\/uploads\/2023\/11\/Imagen-de-WhatsApp-2023-11-13-a-las-12.38.55_246062d9-2-768x1024.jpg\" alt=\"\" class=\"wp-image-17075\" width=\"287\" height=\"383\"\/><\/figure>\n<\/div>\n\n\n<p>El evento ha reunido a <strong>Gobiernos, Instituciones Europeas, gobiernos auton\u00f3micos, estados miembros<\/strong> y representantes de la Econom\u00eda Social de todos los rincones del planeta.<\/p>\n\n\n\n<p>Actualmente, es evidente la necesidad de implementar modelos de gesti\u00f3n socioecon\u00f3micos que integren econom\u00eda, bienestar y medio ambiente, para construir una econom\u00eda al servicio de las personas y del planeta.<\/p>\n\n\n\n<p>El Congreso ha contado principalmente con <strong>sesiones plenarias <\/strong>con grandes ponentes que se han adentrado en temas como los Concursos Europeos, la Nueva Agenda Urbana, el Plan de Acci\u00f3n Europeo o la Resoluci\u00f3n de la ONU sobre Econom\u00eda Social y Solidaria.<\/p>\n\n\n\n<p>Otro de los ejes vertebrales de la jornada han sido los <strong>Talleres pr\u00e1cticos<\/strong> sobre nuevas transformaciones y retos de futuros, as\u00ed como de procesos de financiaci\u00f3n y acceso a mercados, o sobre la importancia de estimular la visibilidad y la comunicaci\u00f3n sobre la econom\u00eda social.<\/p>\n\n\n\n<p><strong>Continuamos presentes en eventos del sector para aprender nuevas herramientas que nos ayuden a trabajar por un futuro m\u00e1s sostenible y \u00e9tico<\/strong><\/p>\n","protected":false},"excerpt":{"rendered":"<p>Hoy hemos asistido a La &#8216;Conferencia Europea de Econom\u00eda Social: Personas, Planeta, Acci\u00f3n&#8216;, organizada por el Ministerio de Trabajo y Econom\u00eda&#8230;<\/p>\n","protected":false},"author":2,"featured_media":7688,"comment_status":"open","ping_status":"closed","sticky":false,"template":"","format":"standard","meta":{"_uag_custom_page_level_css":"","_kad_blocks_custom_css":"","_kad_blocks_head_custom_js":"","_kad_blocks_body_custom_js":"","_kad_blocks_footer_custom_js":"","_kad_post_transparent":"","_kad_post_title":"","_kad_post_layout":"","_kad_post_sidebar_id":"","_kad_post_content_style":"","_kad_post_vertical_padding":"","_kad_post_feature":"","_kad_post_feature_position":"","_kad_post_header":false,"_kad_post_footer":false,"_kad_post_classname":"","footnotes":""},"categories":[763,761,766,756],"tags":[],"class_list":["post-8503","post","type-post","status-publish","format-standard","has-post-thumbnail","hentry","category-area-social-es","category-medio-ambiente","category-medio-ambienteroba-amiga","category-tiendas"],"taxonomy_info":{"category":[{"value":763,"label":"Area Social"},{"value":761,"label":"MEDIO AMBIENTE"},{"value":766,"label":"Medio ambiente&gt;Roba Amiga"},{"value":756,"label":"Tiendas"}]},"featured_image_src_large":["https:\/\/solidanca.cat\/wp-content\/uploads\/2025\/04\/Copia-de-OFERTA-FEINA-imatge-web-noticies-7-7.png",400,200,false],"author_info":{"display_name":"Solidan\u00e7a","author_link":"https:\/\/solidanca.cat\/es\/author\/alberg\/"},"comment_info":0,"category_info":[{"term_id":763,"name":"Area Social","slug":"area-social-es","term_group":0,"term_taxonomy_id":763,"taxonomy":"category","description":"","parent":0,"count":208,"filter":"raw","cat_ID":763,"category_count":208,"category_description":"","cat_name":"Area Social","category_nicename":"area-social-es","category_parent":0},{"term_id":761,"name":"MEDIO AMBIENTE","slug":"medio-ambiente","term_group":0,"term_taxonomy_id":761,"taxonomy":"category","description":"","parent":0,"count":263,"filter":"raw","cat_ID":761,"category_count":263,"category_description":"","cat_name":"MEDIO AMBIENTE","category_nicename":"medio-ambiente","category_parent":0},{"term_id":766,"name":"Medio ambiente&gt;Roba Amiga","slug":"medio-ambienteroba-amiga","term_group":0,"term_taxonomy_id":766,"taxonomy":"category","description":"","parent":0,"count":61,"filter":"raw","cat_ID":766,"category_count":61,"category_description":"","cat_name":"Medio ambiente&gt;Roba Amiga","category_nicename":"medio-ambienteroba-amiga","category_parent":0},{"term_id":756,"name":"Tiendas","slug":"tiendas","term_group":0,"term_taxonomy_id":756,"taxonomy":"category","description":"","parent":0,"count":60,"filter":"raw","cat_ID":756,"category_count":60,"category_description":"","cat_name":"Tiendas","category_nicename":"tiendas","category_parent":0}],"tag_info":false,"uagb_featured_image_src":{"full":["https:\/\/solidanca.cat\/wp-content\/uploads\/2025\/04\/Copia-de-OFERTA-FEINA-imatge-web-noticies-7-7.png",400,200,false],"thumbnail":["https:\/\/solidanca.cat\/wp-content\/uploads\/2025\/04\/Copia-de-OFERTA-FEINA-imatge-web-noticies-7-7-150x150.png",150,150,true],"medium":["https:\/\/solidanca.cat\/wp-content\/uploads\/2025\/04\/Copia-de-OFERTA-FEINA-imatge-web-noticies-7-7-300x150.png",300,150,true],"medium_large":["https:\/\/solidanca.cat\/wp-content\/uploads\/2025\/04\/Copia-de-OFERTA-FEINA-imatge-web-noticies-7-7.png",400,200,false],"large":["https:\/\/solidanca.cat\/wp-content\/uploads\/2025\/04\/Copia-de-OFERTA-FEINA-imatge-web-noticies-7-7.png",400,200,false],"1536x1536":["https:\/\/solidanca.cat\/wp-content\/uploads\/2025\/04\/Copia-de-OFERTA-FEINA-imatge-web-noticies-7-7.png",400,200,false],"2048x2048":["https:\/\/solidanca.cat\/wp-content\/uploads\/2025\/04\/Copia-de-OFERTA-FEINA-imatge-web-noticies-7-7.png",400,200,false]},"uagb_author_info":{"display_name":"Solidan\u00e7a","author_link":"https:\/\/solidanca.cat\/es\/author\/alberg\/"},"uagb_comment_info":0,"uagb_excerpt":"Hoy hemos asistido a La &#8216;Conferencia Europea de Econom\u00eda Social: Personas, Planeta, Acci\u00f3n&#8216;, organizada por el Ministerio de Trabajo y Econom\u00eda...","_links":{"self":[{"href":"https:\/\/solidanca.cat\/es\/wp-json\/wp\/v2\/posts\/8503","targetHints":{"allow":["GET"]}}],"collection":[{"href":"https:\/\/solidanca.cat\/es\/wp-json\/wp\/v2\/posts"}],"about":[{"href":"https:\/\/solidanca.cat\/es\/wp-json\/wp\/v2\/types\/post"}],"author":[{"embeddable":true,"href":"https:\/\/solidanca.cat\/es\/wp-json\/wp\/v2\/users\/2"}],"replies":[{"embeddable":true,"href":"https:\/\/solidanca.cat\/es\/wp-json\/wp\/v2\/comments?post=8503"}],"version-history":[{"count":0,"href":"https:\/\/solidanca.cat\/es\/wp-json\/wp\/v2\/posts\/8503\/revisions"}],"wp:featuredmedia":[{"embeddable":true,"href":"https:\/\/solidanca.cat\/es\/wp-json\/wp\/v2\/media\/7688"}],"wp:attachment":[{"href":"https:\/\/solidanca.cat\/es\/wp-json\/wp\/v2\/media?parent=8503"}],"wp:term":[{"taxonomy":"category","embeddable":true,"href":"https:\/\/solidanca.cat\/es\/wp-json\/wp\/v2\/categories?post=8503"},{"taxonomy":"post_tag","embeddable":true,"href":"https:\/\/solidanca.cat\/es\/wp-json\/wp\/v2\/tags?post=8503"}],"curies":[{"name":"wp","href":"https:\/\/api.w.org\/{rel}","templated":true}]}}