{"id":8506,"date":"2023-11-14T11:06:45","date_gmt":"2023-11-14T10:06:45","guid":{"rendered":"https:\/\/solidanca.con2webs.es\/solidanca-al-recuwaste-2023-en-mataro\/"},"modified":"2023-11-14T11:06:45","modified_gmt":"2023-11-14T10:06:45","slug":"solidanca-al-recuwaste-2023-en-mataro","status":"publish","type":"post","link":"https:\/\/solidanca.cat\/es\/solidanca-al-recuwaste-2023-en-mataro\/","title":{"rendered":"Solidan\u00e7a\u00a0al Recuwaste\u00a02023\u00a0en\u00a0Matar\u00f3\u00a0"},"content":{"rendered":"\n<p>Esta ma\u00f1ana hemos estado presentes en el congreso de referencia en la gesti\u00f3n de recursos y residuos: el\u00a0Recuwaste\u00a0de Matar\u00f3. Esta 7.\u00aa edici\u00f3n ha sido organizada por Maresme Circular, el Centro de Valorizaci\u00f3n de Residuos del Maresme, con la colaboraci\u00f3n de La Generalitat de Catalu\u00f1a y la Diputaci\u00f3n de Barcelona. M\u00e1s de 60 ponentes pasar\u00e1n, durante los dos d\u00edas que dura el Congreso, por el edificio\u00a0Tecnocampus\u00a0TMC1 de Matar\u00f3.\u00a0<br>\u00a0<br>En esta edici\u00f3n se ha abordado la econom\u00eda de los recursos con una perspectiva que nos ayuda a entender los retos de futuro y como estos nos impactar\u00e1n y exigir\u00e1n a las administraciones, empresas y consumidoras a pensar, trabajar y actuar de una manera m\u00e1s sostenible, pensando en la reutilizaci\u00f3n de tejidos como una oportunidad de negocio.\u00a0<br>\u00a0<br>Nati\u00a0Yesares, responsable\u00a0de medio ambiente de\u00a0Solidan\u00e7a, ha participado de una mesa redonda, en el primer bloque sobre textil de la jornada, donde ha valorado la importancia de la reutilizaci\u00f3n del residuo textil para hacer nuevos tejidos y ahorrar recursos.\u00a0Yesares\u00a0cree que la innovaci\u00f3n tiene que dar respuesta a la industria textil para mirar de revertir la gran responsabilidad clim\u00e1tica que tiene ahora mismo esta.\u00a0<br>\u00a0<br>La responsable de medio ambiente de\u00a0Solidan\u00e7a\u00a0tambi\u00e9n ha querido destacar todos los proyectos que la entidad est\u00e1 impulsando desde la innovaci\u00f3n y el reaprovechamiento textil como\u00a0Circutex\u00a0o\u00a0CircularWood\u00a0para dar respuesta a un modelo m\u00e1s sostenible y social de la industria textil. De este modo, dice, se consigue un equilibrio entre costes, beneficio y valor empresarial que tiene que ser el futuro del textil global.\u00a0<br>\u00a0<br>Recuwaste\u00a0cerrar\u00e1 ma\u00f1ana este Congreso con el objetivo de encontrar soluciones pr\u00f3ximas para una industria demasiada contaminante y donde los h\u00e1bitos de consumo no ayudan a esta recuperaci\u00f3n medioambiental. En esta situaci\u00f3n de emergencia clim\u00e1tica, congresos como el\u00a0Recuwaste\u00a0tienen una funci\u00f3n indispensable y muy valiosa para trabajar juntas por un futuro mejor.\u00a0<\/p>\n","protected":false},"excerpt":{"rendered":"<p>Esta ma\u00f1ana hemos estado presentes en el congreso de referencia en la gesti\u00f3n de recursos y residuos: el\u00a0Recuwaste\u00a0de Matar\u00f3. Esta 7.\u00aa&#8230;<\/p>\n","protected":false},"author":2,"featured_media":0,"comment_status":"closed","ping_status":"closed","sticky":false,"template":"","format":"standard","meta":{"_uag_custom_page_level_css":"","_kad_blocks_custom_css":"","_kad_blocks_head_custom_js":"","_kad_blocks_body_custom_js":"","_kad_blocks_footer_custom_js":"","_kad_post_transparent":"","_kad_post_title":"","_kad_post_layout":"","_kad_post_sidebar_id":"","_kad_post_content_style":"","_kad_post_vertical_padding":"","_kad_post_feature":"","_kad_post_feature_position":"","_kad_post_header":false,"_kad_post_footer":false,"_kad_post_classname":"","footnotes":""},"categories":[761],"tags":[],"class_list":["post-8506","post","type-post","status-publish","format-standard","hentry","category-medio-ambiente"],"taxonomy_info":{"category":[{"value":761,"label":"MEDIO AMBIENTE"}]},"featured_image_src_large":false,"author_info":{"display_name":"Solidan\u00e7a","author_link":"https:\/\/solidanca.cat\/es\/author\/alberg\/"},"comment_info":0,"category_info":[{"term_id":761,"name":"MEDIO AMBIENTE","slug":"medio-ambiente","term_group":0,"term_taxonomy_id":761,"taxonomy":"category","description":"","parent":0,"count":263,"filter":"raw","cat_ID":761,"category_count":263,"category_description":"","cat_name":"MEDIO AMBIENTE","category_nicename":"medio-ambiente","category_parent":0}],"tag_info":false,"uagb_featured_image_src":{"full":false,"thumbnail":false,"medium":false,"medium_large":false,"large":false,"1536x1536":false,"2048x2048":false},"uagb_author_info":{"display_name":"Solidan\u00e7a","author_link":"https:\/\/solidanca.cat\/es\/author\/alberg\/"},"uagb_comment_info":0,"uagb_excerpt":"Esta ma\u00f1ana hemos estado presentes en el congreso de referencia en la gesti\u00f3n de recursos y residuos: el\u00a0Recuwaste\u00a0de Matar\u00f3. Esta 7.\u00aa...","_links":{"self":[{"href":"https:\/\/solidanca.cat\/es\/wp-json\/wp\/v2\/posts\/8506","targetHints":{"allow":["GET"]}}],"collection":[{"href":"https:\/\/solidanca.cat\/es\/wp-json\/wp\/v2\/posts"}],"about":[{"href":"https:\/\/solidanca.cat\/es\/wp-json\/wp\/v2\/types\/post"}],"author":[{"embeddable":true,"href":"https:\/\/solidanca.cat\/es\/wp-json\/wp\/v2\/users\/2"}],"replies":[{"embeddable":true,"href":"https:\/\/solidanca.cat\/es\/wp-json\/wp\/v2\/comments?post=8506"}],"version-history":[{"count":0,"href":"https:\/\/solidanca.cat\/es\/wp-json\/wp\/v2\/posts\/8506\/revisions"}],"wp:attachment":[{"href":"https:\/\/solidanca.cat\/es\/wp-json\/wp\/v2\/media?parent=8506"}],"wp:term":[{"taxonomy":"category","embeddable":true,"href":"https:\/\/solidanca.cat\/es\/wp-json\/wp\/v2\/categories?post=8506"},{"taxonomy":"post_tag","embeddable":true,"href":"https:\/\/solidanca.cat\/es\/wp-json\/wp\/v2\/tags?post=8506"}],"curies":[{"name":"wp","href":"https:\/\/api.w.org\/{rel}","templated":true}]}}