{"id":8515,"date":"2023-11-27T12:59:19","date_gmt":"2023-11-27T11:59:19","guid":{"rendered":"https:\/\/solidanca.con2webs.es\/119-personas-insertadas-en-el-mercado-laboral-gracias-a-la-segunda-edicion-del-programa-treballat\/"},"modified":"2023-11-27T13:00:04","modified_gmt":"2023-11-27T12:00:04","slug":"119-personas-insertadas-en-el-mercado-laboral-gracias-a-la-segunda-edicion-del-programa-treballat","status":"publish","type":"post","link":"https:\/\/solidanca.cat\/es\/119-personas-insertadas-en-el-mercado-laboral-gracias-a-la-segunda-edicion-del-programa-treballat\/","title":{"rendered":"119 personas insertadas en el mercado laboral gracias al programa Treballa&#8217;t de Sant Vicen\u00e7 dels Horts"},"content":{"rendered":"\n<p>Casi <strong>300 personas atendidas <\/strong>durante la segunda edici\u00f3n del <strong>programa Treballa&#8217;t(2022-23), una iniciativa de acompa\u00f1amiento y formaci\u00f3n <\/strong>para mejorar la empleabilidad y fortalecer las capacidades personales de personas en paro en el municipio de Sant Vicen\u00e7 dels Horts.<\/p>\n\n\n\n<p>El programa Treballa&#8217;t, impulsado por el \u00c1rea de Promoci\u00f3n Econ\u00f3mica del Ayuntamiento de Sant Vicen\u00e7 dels Horts, y ejecutado por Solidan\u00e7aTreball EI S.L. y la Fundaci\u00f3n Maria Auxiliadora, lleva m\u00e1s de dos&nbsp;4&nbsp;a\u00f1os trabajando para promover la inserci\u00f3n sociolaboral de personas desempleadas y en situaci\u00f3n de vulnerabilidad del municipio de Sant Vicen\u00e7 dels Horts a trav\u00e9s del <strong>dispositivo de atenci\u00f3n, la formaci\u00f3n y la intermediaci\u00f3n laboral,<\/strong> donde la colaboraci\u00f3n de empresas del entorno es clave.<\/p>\n\n\n\n<p>De las<strong> 296 personas que hemos atendido<\/strong> entre septiembre de 2022 y diciembre de 2023, <strong>74 se formaron a trav\u00e9s de nuestros cursos <\/strong>y <strong>119 se insertaron con \u00e9xito en el mercado laboral<\/strong> con 149 contrataciones en total. En esta edici\u00f3n hemos logrado cerrar colaboraciones con 118 empresas que han ofrecido sus respectivas ofertas de trabajo.<\/p>\n\n\n\n<p><strong>Ponemos el foco en la acci\u00f3n formativa<\/strong><br>De cara a este curso, hemos<strong> ampliado la oferta formativa<\/strong> para ajustarnos a las necesidades de las personas usuarias. En ese sentido, hemos tenido un retorno muy positivo. Durante esta edici\u00f3n, hemos contado con modalidades especializadas en <strong>Log\u00edstica de almac\u00e9n en e-commerce, Ecolimpieza y desinfecci\u00f3n, gesti\u00f3n de residuos, y Gesti\u00f3n de Residuos.<\/strong><\/p>\n\n\n\n<p>Esta edici\u00f3n ha podido formar a 74 personas, <strong>29 de las cuales han participado en las formaciones profesionalizadoras con pr\u00e1cticas en empresas<\/strong>, que adem\u00e1s de tocar los rasgos clave de las formaciones generales mencionadas, tambi\u00e9n han recibido refuerzos formativos en informativa b\u00e1sica, creaci\u00f3n de curr\u00edculum , t\u00e9cnicas de b\u00fasqueda de trabajo y preparaci\u00f3n de entrevista.<\/p>\n\n\n\n<p>Posteriormente, 17 de los 29 alumnos formados han realizado pr\u00e1cticas en las empresas colaboradoras del programa, as\u00ed como 10 de ellas se han insertado en el mercado laboral al terminar las pr\u00e1cticas.<\/p>\n\n\n\n<p>Treballa&#8217;t es gestionado y liderado por <strong>Promoci\u00f3n Econ\u00f3mica y de la ciudad del Ayuntamiento de Sant Vicen\u00e7 dels Horts<\/strong> con el apoyo del <strong>AMB <\/strong>en el marco del Plan metropolitano de apoyo a las pol\u00edticas sociales municipales (2020-23)_ convocatoria 2022-2023, programa de Dinamizaci\u00f3n del mercado de trabajo, l\u00ednea Orientaci\u00f3n y formaci\u00f3n.<\/p>\n\n\n\n<p>Desde Solidan\u00e7a seguimos trabajando para avanzar hacia la inserci\u00f3n sociolaboral en los municipios con los que colaboramos, a trav\u00e9s de programas que ofrezcan oportunidades laborales a personas que quieren incorporarse al mercado de trabajo.<\/p>\n\n\n<div class=\"wp-block-image\">\n<figure class=\"alignright size-full is-resized\"><img loading=\"lazy\" decoding=\"async\" src=\"https:\/\/solidanca.cat\/wp-content\/uploads\/2023\/11\/FOTO-NOTICIES-WEB-2023-11-27T134540.559.jpg\" alt=\"\" class=\"wp-image-17145\" width=\"418\" height=\"209\"\/><\/figure>\n<\/div>","protected":false},"excerpt":{"rendered":"<p>Casi 300 personas atendidas durante la segunda edici\u00f3n del programa Treballa&#8217;t(2022-23), una iniciativa de acompa\u00f1amiento y formaci\u00f3n para mejorar la empleabilidad&#8230;<\/p>\n","protected":false},"author":2,"featured_media":7738,"comment_status":"open","ping_status":"closed","sticky":false,"template":"","format":"standard","meta":{"_uag_custom_page_level_css":"","_kad_blocks_custom_css":"","_kad_blocks_head_custom_js":"","_kad_blocks_body_custom_js":"","_kad_blocks_footer_custom_js":"","_kad_post_transparent":"","_kad_post_title":"","_kad_post_layout":"","_kad_post_sidebar_id":"","_kad_post_content_style":"","_kad_post_vertical_padding":"","_kad_post_feature":"","_kad_post_feature_position":"","_kad_post_header":false,"_kad_post_footer":false,"_kad_post_classname":"","footnotes":""},"categories":[763,758,766],"tags":[],"class_list":["post-8515","post","type-post","status-publish","format-standard","has-post-thumbnail","hentry","category-area-social-es","category-formacion","category-medio-ambienteroba-amiga"],"taxonomy_info":{"category":[{"value":763,"label":"Area Social"},{"value":758,"label":"Formaci\u00f3n"},{"value":766,"label":"Medio ambiente&gt;Roba Amiga"}]},"featured_image_src_large":["https:\/\/solidanca.cat\/wp-content\/uploads\/2025\/04\/FOTO-NOTICIES-WEB-1-1-11.png",800,400,false],"author_info":{"display_name":"Solidan\u00e7a","author_link":"https:\/\/solidanca.cat\/es\/author\/alberg\/"},"comment_info":0,"category_info":[{"term_id":763,"name":"Area Social","slug":"area-social-es","term_group":0,"term_taxonomy_id":763,"taxonomy":"category","description":"","parent":0,"count":205,"filter":"raw","cat_ID":763,"category_count":205,"category_description":"","cat_name":"Area Social","category_nicename":"area-social-es","category_parent":0},{"term_id":758,"name":"Formaci\u00f3n","slug":"formacion","term_group":0,"term_taxonomy_id":758,"taxonomy":"category","description":"","parent":0,"count":107,"filter":"raw","cat_ID":758,"category_count":107,"category_description":"","cat_name":"Formaci\u00f3n","category_nicename":"formacion","category_parent":0},{"term_id":766,"name":"Medio ambiente&gt;Roba Amiga","slug":"medio-ambienteroba-amiga","term_group":0,"term_taxonomy_id":766,"taxonomy":"category","description":"","parent":0,"count":61,"filter":"raw","cat_ID":766,"category_count":61,"category_description":"","cat_name":"Medio ambiente&gt;Roba Amiga","category_nicename":"medio-ambienteroba-amiga","category_parent":0}],"tag_info":false,"uagb_featured_image_src":{"full":["https:\/\/solidanca.cat\/wp-content\/uploads\/2025\/04\/FOTO-NOTICIES-WEB-1-1-11.png",800,400,false],"thumbnail":["https:\/\/solidanca.cat\/wp-content\/uploads\/2025\/04\/FOTO-NOTICIES-WEB-1-1-11-150x150.png",150,150,true],"medium":["https:\/\/solidanca.cat\/wp-content\/uploads\/2025\/04\/FOTO-NOTICIES-WEB-1-1-11-300x150.png",300,150,true],"medium_large":["https:\/\/solidanca.cat\/wp-content\/uploads\/2025\/04\/FOTO-NOTICIES-WEB-1-1-11-768x384.png",768,384,true],"large":["https:\/\/solidanca.cat\/wp-content\/uploads\/2025\/04\/FOTO-NOTICIES-WEB-1-1-11.png",800,400,false],"1536x1536":["https:\/\/solidanca.cat\/wp-content\/uploads\/2025\/04\/FOTO-NOTICIES-WEB-1-1-11.png",800,400,false],"2048x2048":["https:\/\/solidanca.cat\/wp-content\/uploads\/2025\/04\/FOTO-NOTICIES-WEB-1-1-11.png",800,400,false]},"uagb_author_info":{"display_name":"Solidan\u00e7a","author_link":"https:\/\/solidanca.cat\/es\/author\/alberg\/"},"uagb_comment_info":0,"uagb_excerpt":"Casi 300 personas atendidas durante la segunda edici\u00f3n del programa Treballa&#8217;t(2022-23), una iniciativa de acompa\u00f1amiento y formaci\u00f3n para mejorar la empleabilidad...","_links":{"self":[{"href":"https:\/\/solidanca.cat\/es\/wp-json\/wp\/v2\/posts\/8515","targetHints":{"allow":["GET"]}}],"collection":[{"href":"https:\/\/solidanca.cat\/es\/wp-json\/wp\/v2\/posts"}],"about":[{"href":"https:\/\/solidanca.cat\/es\/wp-json\/wp\/v2\/types\/post"}],"author":[{"embeddable":true,"href":"https:\/\/solidanca.cat\/es\/wp-json\/wp\/v2\/users\/2"}],"replies":[{"embeddable":true,"href":"https:\/\/solidanca.cat\/es\/wp-json\/wp\/v2\/comments?post=8515"}],"version-history":[{"count":0,"href":"https:\/\/solidanca.cat\/es\/wp-json\/wp\/v2\/posts\/8515\/revisions"}],"wp:featuredmedia":[{"embeddable":true,"href":"https:\/\/solidanca.cat\/es\/wp-json\/wp\/v2\/media\/7738"}],"wp:attachment":[{"href":"https:\/\/solidanca.cat\/es\/wp-json\/wp\/v2\/media?parent=8515"}],"wp:term":[{"taxonomy":"category","embeddable":true,"href":"https:\/\/solidanca.cat\/es\/wp-json\/wp\/v2\/categories?post=8515"},{"taxonomy":"post_tag","embeddable":true,"href":"https:\/\/solidanca.cat\/es\/wp-json\/wp\/v2\/tags?post=8515"}],"curies":[{"name":"wp","href":"https:\/\/api.w.org\/{rel}","templated":true}]}}