{"id":8525,"date":"2023-12-13T12:05:16","date_gmt":"2023-12-13T11:05:16","guid":{"rendered":"https:\/\/solidanca.con2webs.es\/el-servicio-de-ayuda-en-silla-asistida-de-sant-joan-despi-alcanza-los-221-servicios-en-2023\/"},"modified":"2023-12-13T12:05:20","modified_gmt":"2023-12-13T11:05:20","slug":"el-servicio-de-ayuda-en-silla-asistida-de-sant-joan-despi-alcanza-los-221-servicios-en-2023","status":"publish","type":"post","link":"https:\/\/solidanca.cat\/es\/el-servicio-de-ayuda-en-silla-asistida-de-sant-joan-despi-alcanza-los-221-servicios-en-2023\/","title":{"rendered":"El servicio de ayuda en silla asistida de Sant Joan Desp\u00ed alcanza los 221 servicios en 2023"},"content":{"rendered":"\n<p>El servicio de ayuda con <strong>silla asistida Puja i Baixa<\/strong> pertenece a un proyecto piloto impulsado en 2020 con el apoyo del Ayuntamiento de Sant Joan Desp\u00ed y la Fundaci\u00f3n de Atenci\u00f3n a Personas Dependientes que permite que<strong> personas con dependencia y movilidad reducida puedan salir<\/strong> m\u00e1s a menudo de su vivienda gracias a una silla asistida que les ayuda a subir y bajar escaleras.<\/p>\n\n\n\n<p>Este a\u00f1o, en <strong>2023 <\/strong>se ha atendido a un total de <strong>19 usuarios en un total de 221 servicios <\/strong>que han permitido que estas personas puedan mejorar su movilidad a salir de casa.<\/p>\n\n\n\n<p>Este servicio tiene <strong>dos impactos sociales positivos, <\/strong>por un lado, permite a personas en situaci\u00f3n de dependencia o baja movilidad y sin ascensor, poder bajar las escaleras de casa de forma c\u00f3moda y segura; por otra parte, <strong>fomenta dos puestos de trabajo para personas en situaci\u00f3n en vulnerabilidad <\/strong>social, ya que son contratadas por Solidan\u00e7a e inician un itinerario de inserci\u00f3n sociolaboral para dar el salto al mercado laboral y reanudar su estabilidad social y laboral.<\/p>\n\n\n\n<p><\/p>\n\n\n<div class=\"wp-block-image\">\n<figure class=\"aligncenter\"><a href=\"https:\/\/solidanca.cat\/wp-content\/uploads\/2022\/12\/MG_4279.jpg\"><img decoding=\"async\" src=\"https:\/\/solidanca.cat\/wp-content\/uploads\/2022\/12\/MG_4279.jpg\" alt=\"\" class=\"wp-image-14664\"\/><\/a><\/figure>\n<\/div>\n\n\n<p><\/p>\n\n\n\n<p>Este proyecto recibe el apoyo de:\u00a0<\/p>\n\n\n<div class=\"wp-block-image\">\n<figure class=\"aligncenter\"><a href=\"https:\/\/solidanca.cat\/wp-content\/uploads\/2022\/09\/Aj_Sant-Joan-despi.png\"><img decoding=\"async\" src=\"https:\/\/solidanca.cat\/wp-content\/uploads\/2022\/09\/Aj_Sant-Joan-despi.png\" alt=\"\" class=\"wp-image-14638\"\/><\/a><\/figure>\n<\/div>","protected":false},"excerpt":{"rendered":"<p>El servicio de ayuda con silla asistida Puja i Baixa pertenece a un proyecto piloto impulsado en 2020 con el apoyo&#8230;<\/p>\n","protected":false},"author":2,"featured_media":7789,"comment_status":"open","ping_status":"closed","sticky":false,"template":"","format":"standard","meta":{"_uag_custom_page_level_css":"","_kad_blocks_custom_css":"","_kad_blocks_head_custom_js":"","_kad_blocks_body_custom_js":"","_kad_blocks_footer_custom_js":"","_kad_post_transparent":"","_kad_post_title":"","_kad_post_layout":"","_kad_post_sidebar_id":"","_kad_post_content_style":"","_kad_post_vertical_padding":"","_kad_post_feature":"","_kad_post_feature_position":"","_kad_post_header":false,"_kad_post_footer":false,"_kad_post_classname":"","footnotes":""},"categories":[763],"tags":[],"class_list":["post-8525","post","type-post","status-publish","format-standard","has-post-thumbnail","hentry","category-area-social-es"],"taxonomy_info":{"category":[{"value":763,"label":"Area Social"}]},"featured_image_src_large":["https:\/\/solidanca.cat\/wp-content\/uploads\/2025\/04\/incorpora-23.03.02-Solidanca-055-2O3A2425-1-3-1024x683.jpg",1024,683,true],"author_info":{"display_name":"Solidan\u00e7a","author_link":"https:\/\/solidanca.cat\/es\/author\/alberg\/"},"comment_info":0,"category_info":[{"term_id":763,"name":"Area Social","slug":"area-social-es","term_group":0,"term_taxonomy_id":763,"taxonomy":"category","description":"","parent":0,"count":205,"filter":"raw","cat_ID":763,"category_count":205,"category_description":"","cat_name":"Area Social","category_nicename":"area-social-es","category_parent":0}],"tag_info":false,"uagb_featured_image_src":{"full":["https:\/\/solidanca.cat\/wp-content\/uploads\/2025\/04\/incorpora-23.03.02-Solidanca-055-2O3A2425-1-3.jpg",2500,1667,false],"thumbnail":["https:\/\/solidanca.cat\/wp-content\/uploads\/2025\/04\/incorpora-23.03.02-Solidanca-055-2O3A2425-1-3-150x150.jpg",150,150,true],"medium":["https:\/\/solidanca.cat\/wp-content\/uploads\/2025\/04\/incorpora-23.03.02-Solidanca-055-2O3A2425-1-3-300x200.jpg",300,200,true],"medium_large":["https:\/\/solidanca.cat\/wp-content\/uploads\/2025\/04\/incorpora-23.03.02-Solidanca-055-2O3A2425-1-3-768x512.jpg",768,512,true],"large":["https:\/\/solidanca.cat\/wp-content\/uploads\/2025\/04\/incorpora-23.03.02-Solidanca-055-2O3A2425-1-3-1024x683.jpg",1024,683,true],"1536x1536":["https:\/\/solidanca.cat\/wp-content\/uploads\/2025\/04\/incorpora-23.03.02-Solidanca-055-2O3A2425-1-3-1536x1024.jpg",1536,1024,true],"2048x2048":["https:\/\/solidanca.cat\/wp-content\/uploads\/2025\/04\/incorpora-23.03.02-Solidanca-055-2O3A2425-1-3-2048x1366.jpg",2048,1366,true]},"uagb_author_info":{"display_name":"Solidan\u00e7a","author_link":"https:\/\/solidanca.cat\/es\/author\/alberg\/"},"uagb_comment_info":0,"uagb_excerpt":"El servicio de ayuda con silla asistida Puja i Baixa pertenece a un proyecto piloto impulsado en 2020 con el apoyo...","_links":{"self":[{"href":"https:\/\/solidanca.cat\/es\/wp-json\/wp\/v2\/posts\/8525","targetHints":{"allow":["GET"]}}],"collection":[{"href":"https:\/\/solidanca.cat\/es\/wp-json\/wp\/v2\/posts"}],"about":[{"href":"https:\/\/solidanca.cat\/es\/wp-json\/wp\/v2\/types\/post"}],"author":[{"embeddable":true,"href":"https:\/\/solidanca.cat\/es\/wp-json\/wp\/v2\/users\/2"}],"replies":[{"embeddable":true,"href":"https:\/\/solidanca.cat\/es\/wp-json\/wp\/v2\/comments?post=8525"}],"version-history":[{"count":0,"href":"https:\/\/solidanca.cat\/es\/wp-json\/wp\/v2\/posts\/8525\/revisions"}],"wp:featuredmedia":[{"embeddable":true,"href":"https:\/\/solidanca.cat\/es\/wp-json\/wp\/v2\/media\/7789"}],"wp:attachment":[{"href":"https:\/\/solidanca.cat\/es\/wp-json\/wp\/v2\/media?parent=8525"}],"wp:term":[{"taxonomy":"category","embeddable":true,"href":"https:\/\/solidanca.cat\/es\/wp-json\/wp\/v2\/categories?post=8525"},{"taxonomy":"post_tag","embeddable":true,"href":"https:\/\/solidanca.cat\/es\/wp-json\/wp\/v2\/tags?post=8525"}],"curies":[{"name":"wp","href":"https:\/\/api.w.org\/{rel}","templated":true}]}}