{"id":8540,"date":"2024-01-10T09:55:14","date_gmt":"2024-01-10T08:55:14","guid":{"rendered":"https:\/\/solidanca.con2webs.es\/197-alumnos-se-forman-en-solidanca-en-el-2023\/"},"modified":"2024-01-10T10:01:50","modified_gmt":"2024-01-10T09:01:50","slug":"197-alumnos-se-forman-en-solidanca-en-el-2023","status":"publish","type":"post","link":"https:\/\/solidanca.cat\/es\/197-alumnos-se-forman-en-solidanca-en-el-2023\/","title":{"rendered":"197 alumnos se forman en\u00a0Solidan\u00e7a\u00a0en el 2023"},"content":{"rendered":"\n<p>Este 2023, en el Centro de Formaci\u00f3n de&nbsp;Solidan\u00e7a&nbsp;<strong>hemos atendido un total de 197 alumnos<\/strong> en varios cursos y \u00e1reas educativas, seg\u00fan la demanda del mercado, con el objetivo de crear nuevas oportunidades laborales para las personas participantes.&nbsp;<br>&nbsp;<br>En nuestro centro de formaci\u00f3n situado en Sant Just Desvern, disponemos a lo largo del a\u00f1o de una gran oferta de cursos de formaci\u00f3n&nbsp;profesional&nbsp;gratuita con uno el objetivo de cubrir puestos de trabajo al, cada vez m\u00e1s competitivo, mercado laboral. Todas las formaciones van acompa\u00f1adas de talleres t\u00e9cnicos de investigaci\u00f3n de trabajo, el desarrollo de competencias transversales y la posibilidad de realizar pr\u00e1cticas a empresas del sector.&nbsp;<br>&nbsp;<br>En general, las modalidades educativas destacadas del 2023 han sido las siguientes: Formaci\u00f3n de Instalaci\u00f3n y mantenimiento de placas solares, curso de reparaci\u00f3n de m\u00f3viles, tabletas y ordenadores, atenci\u00f3n al cliente y curso de log\u00edstica y e-commerce, gesti\u00f3n de residuos, limpieza, operador de plataformas y de carretillas y otras muchas formaciones espec\u00edficas de mejora continua personal.&nbsp;<br>&nbsp;<br>La formaci\u00f3n de instalaci\u00f3n y mantenimiento de placas solares, ha disfrutado de una nueva edici\u00f3n este 2023, abierto por cualquier persona, con un total de 10 personas formadas. Durante el curso, las alumnas han aprendido las t\u00e9cnicas b\u00e1sicas de instalaci\u00f3n y mantenimiento de placas solares fotovoltaicas, adem\u00e1s de competencias transversales, digitales, y de investigaci\u00f3n de trabajo, todo esto acompa\u00f1ado con pr\u00e1cticas formativas no laborales. Y&nbsp;PRL&nbsp;de altura y&nbsp;TPC&nbsp;de electricidad. El curso ha tenido mucho \u00e9xito, puesto que ha permitido la inserci\u00f3n de algunas personas participantes en un sector en crecimiento continuo y que requiere mano de obra cualificada.&nbsp;<br>&nbsp;<br>La&nbsp;ReparaTIC, en colaboraci\u00f3n con la Diputaci\u00f3n de Barcelona, ha formado en competencias t\u00e9cnicas transversales relacionadas con la impresi\u00f3n 3D y la reparaci\u00f3n de m\u00f3viles, tabletas y ordenadores. Todos los dispositivos reparados durante el curso se han destinado a personas de colectivos vulnerables que los necesiten.&nbsp;<br>&nbsp;<br>En cuanto al Curso de Log\u00edstica y E-Commerce, tambi\u00e9n de&nbsp;Incorpora, las 17 alumnas&nbsp;asistentes&nbsp;han aprendido t\u00e9cnicas en gesti\u00f3n de almac\u00e9n, se han graduado con el carn\u00e9 de carretillero y puente gr\u00faa, adem\u00e1s de recibir formaci\u00f3n en competencias transversales y digitales y hacer pr\u00e1cticas formativas en empresas del sector.&nbsp;<br>&nbsp;<br>Desde la entidad tambi\u00e9n hemos ofrecido formaciones internas al personal de&nbsp;Solidan\u00e7a&nbsp;para prepararlos para su futuro laboral una vez se acaben los diferentes programas de inserci\u00f3n. Un ejemplo buen ejemplo es el Programa de Formaci\u00f3n y Trabaja a personas j\u00f3venes tuteladas y extuteladas con varios cursos como los de inteligencia emocional, trabajo en equipo o los cursos de operador de carretillas y plataformas.&nbsp;<br>&nbsp;<br>Adem\u00e1s, de las formaciones incluidas en los itinerarios de inserci\u00f3n sociolaboral que realizamos a la entidad y las formaciones incluidas en el Programa Trab\u00e1jate ejecutado en Sant Vicen\u00e7 dels Horts, impulsado por el \u00e1rea de promoci\u00f3n econ\u00f3mica del Ayuntamiento de Sant Vicen\u00e7 dels Horts en el marco del Plan metropolitano de apoyo a las pol\u00edticas sociales municipales (convocatoria 2022-2023), programa de Dinamizaci\u00f3n del mercado de trabajo, l\u00ednea Orientaci\u00f3n y formaci\u00f3n del \u00c1rea Metropolitana de Barcelona.&nbsp;<br>&nbsp;<br>Para este 2024 continuaremos trabajando para avanzar hacia la inserci\u00f3n laboral a trav\u00e9s de los diferentes programas formativos que ofrezcan oportunidades laborales a las personas.&nbsp;<\/p>\n","protected":false},"excerpt":{"rendered":"<p>Este 2023, en el Centro de Formaci\u00f3n de&nbsp;Solidan\u00e7a&nbsp;hemos atendido un total de 197 alumnos en varios cursos y \u00e1reas educativas, seg\u00fan&#8230;<\/p>\n","protected":false},"author":2,"featured_media":6997,"comment_status":"open","ping_status":"closed","sticky":false,"template":"","format":"standard","meta":{"_uag_custom_page_level_css":"","_kad_blocks_custom_css":"","_kad_blocks_head_custom_js":"","_kad_blocks_body_custom_js":"","_kad_blocks_footer_custom_js":"","_kad_post_transparent":"","_kad_post_title":"","_kad_post_layout":"","_kad_post_sidebar_id":"","_kad_post_content_style":"","_kad_post_vertical_padding":"","_kad_post_feature":"","_kad_post_feature_position":"","_kad_post_header":false,"_kad_post_footer":false,"_kad_post_classname":"","footnotes":""},"categories":[763,758,760],"tags":[],"class_list":["post-8540","post","type-post","status-publish","format-standard","has-post-thumbnail","hentry","category-area-social-es","category-formacion","category-incorpora-es"],"taxonomy_info":{"category":[{"value":763,"label":"Area Social"},{"value":758,"label":"Formaci\u00f3n"},{"value":760,"label":"Incorpora"}]},"featured_image_src_large":["https:\/\/solidanca.cat\/wp-content\/uploads\/2025\/04\/FOTO-NOTICIES-WEB-8-11.jpg",400,200,false],"author_info":{"display_name":"Solidan\u00e7a","author_link":"https:\/\/solidanca.cat\/es\/author\/alberg\/"},"comment_info":0,"category_info":[{"term_id":763,"name":"Area Social","slug":"area-social-es","term_group":0,"term_taxonomy_id":763,"taxonomy":"category","description":"","parent":0,"count":208,"filter":"raw","cat_ID":763,"category_count":208,"category_description":"","cat_name":"Area Social","category_nicename":"area-social-es","category_parent":0},{"term_id":758,"name":"Formaci\u00f3n","slug":"formacion","term_group":0,"term_taxonomy_id":758,"taxonomy":"category","description":"","parent":0,"count":107,"filter":"raw","cat_ID":758,"category_count":107,"category_description":"","cat_name":"Formaci\u00f3n","category_nicename":"formacion","category_parent":0},{"term_id":760,"name":"Incorpora","slug":"incorpora-es","term_group":0,"term_taxonomy_id":760,"taxonomy":"category","description":"","parent":0,"count":23,"filter":"raw","cat_ID":760,"category_count":23,"category_description":"","cat_name":"Incorpora","category_nicename":"incorpora-es","category_parent":0}],"tag_info":false,"uagb_featured_image_src":{"full":["https:\/\/solidanca.cat\/wp-content\/uploads\/2025\/04\/FOTO-NOTICIES-WEB-8-11.jpg",400,200,false],"thumbnail":["https:\/\/solidanca.cat\/wp-content\/uploads\/2025\/04\/FOTO-NOTICIES-WEB-8-11-150x150.jpg",150,150,true],"medium":["https:\/\/solidanca.cat\/wp-content\/uploads\/2025\/04\/FOTO-NOTICIES-WEB-8-11-300x150.jpg",300,150,true],"medium_large":["https:\/\/solidanca.cat\/wp-content\/uploads\/2025\/04\/FOTO-NOTICIES-WEB-8-11.jpg",400,200,false],"large":["https:\/\/solidanca.cat\/wp-content\/uploads\/2025\/04\/FOTO-NOTICIES-WEB-8-11.jpg",400,200,false],"1536x1536":["https:\/\/solidanca.cat\/wp-content\/uploads\/2025\/04\/FOTO-NOTICIES-WEB-8-11.jpg",400,200,false],"2048x2048":["https:\/\/solidanca.cat\/wp-content\/uploads\/2025\/04\/FOTO-NOTICIES-WEB-8-11.jpg",400,200,false]},"uagb_author_info":{"display_name":"Solidan\u00e7a","author_link":"https:\/\/solidanca.cat\/es\/author\/alberg\/"},"uagb_comment_info":0,"uagb_excerpt":"Este 2023, en el Centro de Formaci\u00f3n de&nbsp;Solidan\u00e7a&nbsp;hemos atendido un total de 197 alumnos en varios cursos y \u00e1reas educativas, seg\u00fan...","_links":{"self":[{"href":"https:\/\/solidanca.cat\/es\/wp-json\/wp\/v2\/posts\/8540","targetHints":{"allow":["GET"]}}],"collection":[{"href":"https:\/\/solidanca.cat\/es\/wp-json\/wp\/v2\/posts"}],"about":[{"href":"https:\/\/solidanca.cat\/es\/wp-json\/wp\/v2\/types\/post"}],"author":[{"embeddable":true,"href":"https:\/\/solidanca.cat\/es\/wp-json\/wp\/v2\/users\/2"}],"replies":[{"embeddable":true,"href":"https:\/\/solidanca.cat\/es\/wp-json\/wp\/v2\/comments?post=8540"}],"version-history":[{"count":0,"href":"https:\/\/solidanca.cat\/es\/wp-json\/wp\/v2\/posts\/8540\/revisions"}],"wp:featuredmedia":[{"embeddable":true,"href":"https:\/\/solidanca.cat\/es\/wp-json\/wp\/v2\/media\/6997"}],"wp:attachment":[{"href":"https:\/\/solidanca.cat\/es\/wp-json\/wp\/v2\/media?parent=8540"}],"wp:term":[{"taxonomy":"category","embeddable":true,"href":"https:\/\/solidanca.cat\/es\/wp-json\/wp\/v2\/categories?post=8540"},{"taxonomy":"post_tag","embeddable":true,"href":"https:\/\/solidanca.cat\/es\/wp-json\/wp\/v2\/tags?post=8540"}],"curies":[{"name":"wp","href":"https:\/\/api.w.org\/{rel}","templated":true}]}}