{"id":8546,"date":"2024-01-23T09:00:00","date_gmt":"2024-01-23T08:00:00","guid":{"rendered":"https:\/\/solidanca.con2webs.es\/en-cataluna-se-depositan-casi-14-000-toneladas-de-ropa-usada-a-los-contenedores-naranjas-de-roba-amiga-el-2023\/"},"modified":"2024-01-23T09:00:00","modified_gmt":"2024-01-23T08:00:00","slug":"en-cataluna-se-depositan-casi-14-000-toneladas-de-ropa-usada-a-los-contenedores-naranjas-de-roba-amiga-el-2023","status":"publish","type":"post","link":"https:\/\/solidanca.cat\/es\/en-cataluna-se-depositan-casi-14-000-toneladas-de-ropa-usada-a-los-contenedores-naranjas-de-roba-amiga-el-2023\/","title":{"rendered":"En Catalu\u00f1a se depositan casi 14.000 toneladas de ropa usada a los contenedores naranjas de Roba Amiga el 2023"},"content":{"rendered":"\n<p>\u25cf La Cooperativa mantiene sus cifras de crecimiento constante de la recogida de ropa, gracias al aumento de la conciencia por la cura sobre el planeta, la reutilizaci\u00f3n textil y la credibilidad y transparencia de la marca.<\/p>\n\n\n\n<p>\u25cf Las donaciones de textil se han depositado a los 3.073 contenedores naranjas que Roba Amiga tiene repartidos a municipios y empresas de toda Catalu\u00f1a.<\/p>\n\n\n\n<p>\u25cf El proyecto cooperativo actualmente da trabajo, en el \u00e1mbito de la econom\u00eda verde, social y solidaria a 353 personas en riesgo de exclusi\u00f3n social.<\/p>\n\n\n\n<p>\u25cf La lucha contra el cambio clim\u00e1tico se materializa en el ahorro de emisiones de 348.305 toneladas de&nbsp;Co2&nbsp;a la atm\u00f3sfera.<\/p>\n\n\n\n<p>La cooperativa Roba Amiga ha recogido 13.932.236 kilos de ropa en Catalu\u00f1a a trav\u00e9s de los 3.073 contenedores naranjas y puntos de recogida Roba Amiga repartidos en los municipios y empresas colaboradoras.<\/p>\n\n\n\n<p>La gesti\u00f3n de este residuo durante el 2023 evit\u00f3 la emisi\u00f3n de un total de 348.305 toneladas de CO\u2082 a la atm\u00f3sfera -c\u00e1lculo desarrollado a trav\u00e9s de ECO-TLC-, pero el valor del proyecto textil de Roba Amiga va m\u00e1s all\u00e1: el gesto de depositar la ropa a los contenedores naranjas ha permitido generar un total de 353 puestos de trabajo de inserci\u00f3n para personas en situaci\u00f3n de vulnerabilidad social; creciendo un 9% respeto 2022.<\/p>\n\n\n\n<p>El valor diferencial del proyecto es que en cada una de estas fases trabajan personas que se encuentran en riesgo de exclusi\u00f3n social; personas que dentro de su itinerario sociolaboral tienen la oportunidad de acceder a un trabajo. Los contratos de inserci\u00f3n son contratos estables (m\u00ednimo de 6 meses), regulados a trav\u00e9s de la Ley de Empresas de Inserci\u00f3n, que permiten a la persona recuperar o adquirir h\u00e1bitos laborales y especializarse en un oficio para acceder a un lugar de trabajo al mercado ordinario. Una vez el trabajador\/a da el salto a la empresa ordinaria, su lugar de trabajo es ocupado por otra persona en situaci\u00f3n de vulnerabilidad que inicia un nuevo itinerario de inserci\u00f3n. Adem\u00e1s de ser una herramienta-puente hacia el mundo laboral, los contratos de inserci\u00f3n tambi\u00e9n aportan estabilidad&nbsp;econ\u00f3mica&nbsp;y emocional.<\/p>\n\n\n\n<p>La Cooperativa Roba Amiga, formada por siete empresas de inserci\u00f3n ((ADAD-L\u2019Encant, Andr\u00f2mines, Engrunes, Formaci\u00f3 i Treball, Recibaix, Solidan\u00e7a Treball, Treballs i Serveis Tap\u00eds) es la encargada de la administraci\u00f3n de los contenedores y la recogida de ropa usada. Despu\u00e9s de la recogida, la ropa se lleva a las plantas de tratamiento textiles donde pasa por un proceso de elige y clasificaci\u00f3n en funci\u00f3n del estado y la tipolog\u00eda de las piezas, por su posterior reutilizaci\u00f3n y reciclaje.<\/p>\n\n\n\n<p>En cuanto al tratamiento textil, aproximadamente el 50% del material recogido se prepara para su reutilizaci\u00f3n. Un 45% se prepara para su reciclaje a nuevas fibras. Y el 5% restante se utiliza en proyectos de cogeneraci\u00f3n el\u00e9ctrica y calor\u00edfica. Este proyecto sigue un modelo de econom\u00eda circular y sostenible en el tiempo que genera un doble impacto:<\/p>\n\n\n\n<p>\u25cf Social: genera puestos de trabajo para personas en riesgo de exclusi\u00f3n social.<\/p>\n\n\n\n<p>\u25cf Ambiental: convierte el residuo en un recurso a trav\u00e9s de la reutilizaci\u00f3n y se evita la generaci\u00f3n de emisiones de CO\u2082 al medio ambiente.<\/p>\n\n\n\n<p>La ropa recogida que se puede reutilizar se gestiona para su posterior distribuci\u00f3n. Esta se puede destinar a personas provenientes de los Servicios Sociales, as\u00ed como para la comercializaci\u00f3n a las tiendas de segunda mano promovidas por las entidades de Roba Amiga, donde se ofrece a precios asequibles para fomentar la reutilizaci\u00f3n y el consumo responsable.<\/p>\n\n\n\n<p>Por lo tanto, estos resultados nos animan un a\u00f1o m\u00e1s a seguir trabajando por un modelo de econom\u00eda circular y social en que la gesti\u00f3n del residuo textil supone una gran oportunidad de creaci\u00f3n de lugares a trabajo por la inserci\u00f3n laboral.<\/p>\n","protected":false},"excerpt":{"rendered":"<p>\u25cf La Cooperativa mantiene sus cifras de crecimiento constante de la recogida de ropa, gracias al aumento de la conciencia por&#8230;<\/p>\n","protected":false},"author":2,"featured_media":7918,"comment_status":"closed","ping_status":"closed","sticky":false,"template":"","format":"standard","meta":{"_uag_custom_page_level_css":"","_kad_blocks_custom_css":"","_kad_blocks_head_custom_js":"","_kad_blocks_body_custom_js":"","_kad_blocks_footer_custom_js":"","_kad_post_transparent":"","_kad_post_title":"","_kad_post_layout":"","_kad_post_sidebar_id":"","_kad_post_content_style":"","_kad_post_vertical_padding":"","_kad_post_feature":"","_kad_post_feature_position":"","_kad_post_header":false,"_kad_post_footer":false,"_kad_post_classname":"","footnotes":""},"categories":[761,766],"tags":[],"class_list":["post-8546","post","type-post","status-publish","format-standard","has-post-thumbnail","hentry","category-medio-ambiente","category-medio-ambienteroba-amiga"],"taxonomy_info":{"category":[{"value":761,"label":"MEDIO AMBIENTE"},{"value":766,"label":"Medio ambiente&gt;Roba Amiga"}]},"featured_image_src_large":["https:\/\/solidanca.cat\/wp-content\/uploads\/2025\/04\/image-30-725x1024.png",725,1024,true],"author_info":{"display_name":"Solidan\u00e7a","author_link":"https:\/\/solidanca.cat\/es\/author\/alberg\/"},"comment_info":0,"category_info":[{"term_id":761,"name":"MEDIO AMBIENTE","slug":"medio-ambiente","term_group":0,"term_taxonomy_id":761,"taxonomy":"category","description":"","parent":0,"count":263,"filter":"raw","cat_ID":761,"category_count":263,"category_description":"","cat_name":"MEDIO AMBIENTE","category_nicename":"medio-ambiente","category_parent":0},{"term_id":766,"name":"Medio ambiente&gt;Roba Amiga","slug":"medio-ambienteroba-amiga","term_group":0,"term_taxonomy_id":766,"taxonomy":"category","description":"","parent":0,"count":61,"filter":"raw","cat_ID":766,"category_count":61,"category_description":"","cat_name":"Medio ambiente&gt;Roba Amiga","category_nicename":"medio-ambienteroba-amiga","category_parent":0}],"tag_info":false,"uagb_featured_image_src":{"full":["https:\/\/solidanca.cat\/wp-content\/uploads\/2025\/04\/image-30-e1747302654609.png",1449,2048,false],"thumbnail":["https:\/\/solidanca.cat\/wp-content\/uploads\/2025\/04\/image-30-150x150.png",150,150,true],"medium":["https:\/\/solidanca.cat\/wp-content\/uploads\/2025\/04\/image-30-212x300.png",212,300,true],"medium_large":["https:\/\/solidanca.cat\/wp-content\/uploads\/2025\/04\/image-30-768x1085.png",768,1085,true],"large":["https:\/\/solidanca.cat\/wp-content\/uploads\/2025\/04\/image-30-725x1024.png",725,1024,true],"1536x1536":["https:\/\/solidanca.cat\/wp-content\/uploads\/2025\/04\/image-30-1087x1536.png",1087,1536,true],"2048x2048":["https:\/\/solidanca.cat\/wp-content\/uploads\/2025\/04\/image-30-e1747302654609.png",1449,2048,false]},"uagb_author_info":{"display_name":"Solidan\u00e7a","author_link":"https:\/\/solidanca.cat\/es\/author\/alberg\/"},"uagb_comment_info":0,"uagb_excerpt":"\u25cf La Cooperativa mantiene sus cifras de crecimiento constante de la recogida de ropa, gracias al aumento de la conciencia por...","_links":{"self":[{"href":"https:\/\/solidanca.cat\/es\/wp-json\/wp\/v2\/posts\/8546","targetHints":{"allow":["GET"]}}],"collection":[{"href":"https:\/\/solidanca.cat\/es\/wp-json\/wp\/v2\/posts"}],"about":[{"href":"https:\/\/solidanca.cat\/es\/wp-json\/wp\/v2\/types\/post"}],"author":[{"embeddable":true,"href":"https:\/\/solidanca.cat\/es\/wp-json\/wp\/v2\/users\/2"}],"replies":[{"embeddable":true,"href":"https:\/\/solidanca.cat\/es\/wp-json\/wp\/v2\/comments?post=8546"}],"version-history":[{"count":0,"href":"https:\/\/solidanca.cat\/es\/wp-json\/wp\/v2\/posts\/8546\/revisions"}],"wp:featuredmedia":[{"embeddable":true,"href":"https:\/\/solidanca.cat\/es\/wp-json\/wp\/v2\/media\/7918"}],"wp:attachment":[{"href":"https:\/\/solidanca.cat\/es\/wp-json\/wp\/v2\/media?parent=8546"}],"wp:term":[{"taxonomy":"category","embeddable":true,"href":"https:\/\/solidanca.cat\/es\/wp-json\/wp\/v2\/categories?post=8546"},{"taxonomy":"post_tag","embeddable":true,"href":"https:\/\/solidanca.cat\/es\/wp-json\/wp\/v2\/tags?post=8546"}],"curies":[{"name":"wp","href":"https:\/\/api.w.org\/{rel}","templated":true}]}}