{"id":8582,"date":"2024-02-24T15:55:59","date_gmt":"2024-02-24T14:55:59","guid":{"rendered":"https:\/\/solidanca.con2webs.es\/el-modelo-de-tercera-generacion-del-punto-limpio-de-viladecans-gestiona-mas-de-2-327-toneladas-durante-el-2023\/"},"modified":"2025-04-02T13:25:46","modified_gmt":"2025-04-02T11:25:46","slug":"el-modelo-de-tercera-generacion-del-punto-limpio-de-viladecans-gestiona-mas-de-2-327-toneladas-durante-el-2023","status":"publish","type":"post","link":"https:\/\/solidanca.cat\/es\/el-modelo-de-tercera-generacion-del-punto-limpio-de-viladecans-gestiona-mas-de-2-327-toneladas-durante-el-2023\/","title":{"rendered":"El modelo de Tercera Generaci\u00f3n del Punto Limpio de Viladecans gestiona m\u00e1s de 2.327 toneladas durante el 2023."},"content":{"rendered":"\n<p>Este 2023 hemos gestionado m\u00e1s de 2.327 toneladas de residuos en Punto Limpio de Viladecans, de las cuales 19 toneladas de residuos han sido reutilizados, ahorrando as\u00ed 79.791 kg de CO\u2082. Unas cifras que reflejan la buena gesti\u00f3n de este Punto Limpio referente en el modelo de gesti\u00f3n de residuos.<\/p>\n\n\n\n<p>El Punto Limpio de Viladecans tiene en cuenta tres ejes principales: la reutilizaci\u00f3n y la optimizaci\u00f3n del aprovechamiento de los residuos, la inserci\u00f3n laboral y la educaci\u00f3n ambiental. Gracias a estos tres ejes principales el Punto Limpio de Viladecans se ha convertido en un referente de la gesti\u00f3n de residuos y de la econom\u00eda circular y social.<\/p>\n\n\n\n<p>El Punto Limpio de Viladecans siempre ha sido un espacio de encuentro para una gran diversidad de actividades, tambi\u00e9n a lo largo de este 2023. Hemos realizado 39 servicios de autorreparaci\u00f3n, sensibilizado a 176 personas, hemos recibido la visita de una escuela, hemos gestionado 3 talleres de prevenci\u00f3n de residuos. Tambi\u00e9n se han organizado celebraciones para el D\u00eda Mundial del Medio Ambiente o del segundo Mercado de Segunda Mano coincidiendo con la Semana Europea de Prevenci\u00f3n de Residuos.<\/p>\n\n\n\n<p>Hay que destacar, que este a\u00f1o, el Punto Limpio de Viladecans tambi\u00e9n ha recibido la visita de varios representantes de pa\u00edses socios de&nbsp;WES&nbsp;(MedWaves), en el marco del encuentro regional &#8216;Intercambio&nbsp;Peer-tono-*Peer&nbsp;y&nbsp;Formaci\u00f3n&nbsp;Regional sobre&nbsp;Modelos&nbsp;de&nbsp;Negocio&nbsp;Innovadoras de&nbsp;Econom\u00eda&nbsp;Circular en el&nbsp;Mediterr\u00e1neo&#8217;.&nbsp;MedWaves&nbsp;es un Centro de cooperaci\u00f3n internacional, que depende de la Agencia de Residuos de Catalu\u00f1a, que desarrolla soluciones conjuntas para abordar desaf\u00edos ambientales compartidos, basado en econom\u00edas circulares y en un consumo y producci\u00f3n sostenibles.<\/p>\n\n\n\n<p><strong>Un Punto Limpio de Tercera Generaci\u00f3n<\/strong><\/p>\n\n\n\n<p>Lo que convierte el Punto Limpio en un modelo \u00fanico, es porque ofrece un abanico de actividades enfocadas a la mejora ambiental, fomentando circuitos de reutilizaci\u00f3n y promoviendo el desarrollo de itinerarios de inserci\u00f3n sociolaboral. Dispone de varios espacios para poder hacerlo posible, como Viladecans Repara, Els Encants de Viladecans o el huerto urbano, entre otros.<\/p>\n\n\n\n<p>Viladecans Repara es un punto de encuentro donde cada viernes por la tarde se ofrecen asesoramientos gratuitos para empoderar a la ciudadan\u00eda en la autorreparaci\u00f3n de sus propios aparatos. Cada sesi\u00f3n est\u00e1 especializada en una categor\u00eda, como es la reparaci\u00f3n de bicicletas, de aparatos el\u00e9ctricos y electr\u00f3nicos, de ropa, o de carpinter\u00eda.<\/p>\n\n\n\n<p>No solo esto, sino que dos s\u00e1bados en el mes, el espacio Repara acoge talleres para aprender nuevos h\u00e1bitos sostenibles y respetuosos con el medio ambiente. En la oferta programada podemos encontrar talleres de aprovechamiento alimentario, de aprender a hacer conservas, para adquirir competencias de electricidad b\u00e1sica o para decorar ropa con trapillo y lanas, por ejemplo.<\/p>\n\n\n\n<p>Por otra lado, Els Encants de Viladecans es una tienda de productos de segunda mano ubicada en el Punto Limpio municipal que fomenta el consumo \u00e9tico y responsable, alargando la vida \u00fatil y dando circularidad a los productos que vende. Al mismo tiempo, cuida de tu bolsillo, ofreciendo art\u00edculos a precios muy asequibles con los que contribuimos a crear ocupaci\u00f3n para personas en situaci\u00f3n de vulnerabilidad social.<\/p>\n\n\n\n<p>Por lo tanto, Els Encants de Viladecans, representan un espacio din\u00e1mico donde el p\u00fablico mujer circularidad al residuo textil comprando productos de segunda mano, y a trav\u00e9s de Viladecans Repara aprende y se sensibiliza en materia de educaci\u00f3n ambiental.<\/p>\n\n\n\n<p>Adem\u00e1s, el Punto Limpio es reconocido por su contribuci\u00f3n en la creaci\u00f3n de 3 puestos de trabajo para personas en situaci\u00f3n de vulnerabilidad social. Gracias a la implicaci\u00f3n de la Empresa de Inserci\u00f3n&nbsp;Solidan\u00e7a&nbsp;Trabajo, el personal que trabaja en el Punto Limpio forma parte de un itinerario de inserci\u00f3n sociolaboral gestionado por la entidad, donde colectivos en riesgo de exclusi\u00f3n social se benefician de una estancia de contrataci\u00f3n temporal, mientras refuerzan sus habilidades para reinsertarse al mundo laboral ordinario.<\/p>\n\n\n\n<p>Por todos estos motivos, se trata de un modelo de Punto Limpio innovador, reconocido como de 3.\u00aa Generaci\u00f3n. Esto quiere decir que, no es \u00fanicamente un punto de recogida de residuos, como ser\u00eda una desecher\u00eda de 1.\u00aa Generaci\u00f3n, sino que provee otros servicios que suponen un valor a\u00f1adido.<\/p>\n\n\n\n<p>Te esperamos al C\/Agricultura s\/n en el pol\u00edgono Industrial del Ayuntamiento de Viladecans, justo en la salida hacia la autopista.<\/p>\n","protected":false},"excerpt":{"rendered":"<p>Este 2023 hemos gestionado m\u00e1s de 2.327 toneladas de residuos en Punto Limpio de Viladecans, de las cuales 19 toneladas de&#8230;<\/p>\n","protected":false},"author":2,"featured_media":7102,"comment_status":"open","ping_status":"closed","sticky":false,"template":"","format":"standard","meta":{"_uag_custom_page_level_css":"","_kad_blocks_custom_css":"","_kad_blocks_head_custom_js":"","_kad_blocks_body_custom_js":"","_kad_blocks_footer_custom_js":"","_kad_post_transparent":"","_kad_post_title":"","_kad_post_layout":"","_kad_post_sidebar_id":"","_kad_post_content_style":"","_kad_post_vertical_padding":"","_kad_post_feature":"","_kad_post_feature_position":"","_kad_post_header":false,"_kad_post_footer":false,"_kad_post_classname":"","footnotes":""},"categories":[761,8],"tags":[],"class_list":["post-8582","post","type-post","status-publish","format-standard","has-post-thumbnail","hentry","category-medio-ambiente","category-sin-categorizar"],"taxonomy_info":{"category":[{"value":761,"label":"MEDIO AMBIENTE"},{"value":8,"label":"Sin categorizar"}]},"featured_image_src_large":["https:\/\/solidanca.cat\/wp-content\/uploads\/2025\/04\/FOTO-NOTICIES-WEB-15-3.jpg",400,200,false],"author_info":{"display_name":"Solidan\u00e7a","author_link":"https:\/\/solidanca.cat\/es\/author\/alberg\/"},"comment_info":0,"category_info":[{"term_id":761,"name":"MEDIO AMBIENTE","slug":"medio-ambiente","term_group":0,"term_taxonomy_id":761,"taxonomy":"category","description":"","parent":0,"count":263,"filter":"raw","cat_ID":761,"category_count":263,"category_description":"","cat_name":"MEDIO AMBIENTE","category_nicename":"medio-ambiente","category_parent":0},{"term_id":8,"name":"Sin categorizar","slug":"sin-categorizar","term_group":0,"term_taxonomy_id":8,"taxonomy":"category","description":"","parent":0,"count":199,"filter":"raw","cat_ID":8,"category_count":199,"category_description":"","cat_name":"Sin categorizar","category_nicename":"sin-categorizar","category_parent":0}],"tag_info":false,"uagb_featured_image_src":{"full":["https:\/\/solidanca.cat\/wp-content\/uploads\/2025\/04\/FOTO-NOTICIES-WEB-15-3.jpg",400,200,false],"thumbnail":["https:\/\/solidanca.cat\/wp-content\/uploads\/2025\/04\/FOTO-NOTICIES-WEB-15-3-150x150.jpg",150,150,true],"medium":["https:\/\/solidanca.cat\/wp-content\/uploads\/2025\/04\/FOTO-NOTICIES-WEB-15-3-300x150.jpg",300,150,true],"medium_large":["https:\/\/solidanca.cat\/wp-content\/uploads\/2025\/04\/FOTO-NOTICIES-WEB-15-3.jpg",400,200,false],"large":["https:\/\/solidanca.cat\/wp-content\/uploads\/2025\/04\/FOTO-NOTICIES-WEB-15-3.jpg",400,200,false],"1536x1536":["https:\/\/solidanca.cat\/wp-content\/uploads\/2025\/04\/FOTO-NOTICIES-WEB-15-3.jpg",400,200,false],"2048x2048":["https:\/\/solidanca.cat\/wp-content\/uploads\/2025\/04\/FOTO-NOTICIES-WEB-15-3.jpg",400,200,false]},"uagb_author_info":{"display_name":"Solidan\u00e7a","author_link":"https:\/\/solidanca.cat\/es\/author\/alberg\/"},"uagb_comment_info":0,"uagb_excerpt":"Este 2023 hemos gestionado m\u00e1s de 2.327 toneladas de residuos en Punto Limpio de Viladecans, de las cuales 19 toneladas de...","_links":{"self":[{"href":"https:\/\/solidanca.cat\/es\/wp-json\/wp\/v2\/posts\/8582","targetHints":{"allow":["GET"]}}],"collection":[{"href":"https:\/\/solidanca.cat\/es\/wp-json\/wp\/v2\/posts"}],"about":[{"href":"https:\/\/solidanca.cat\/es\/wp-json\/wp\/v2\/types\/post"}],"author":[{"embeddable":true,"href":"https:\/\/solidanca.cat\/es\/wp-json\/wp\/v2\/users\/2"}],"replies":[{"embeddable":true,"href":"https:\/\/solidanca.cat\/es\/wp-json\/wp\/v2\/comments?post=8582"}],"version-history":[{"count":1,"href":"https:\/\/solidanca.cat\/es\/wp-json\/wp\/v2\/posts\/8582\/revisions"}],"predecessor-version":[{"id":8759,"href":"https:\/\/solidanca.cat\/es\/wp-json\/wp\/v2\/posts\/8582\/revisions\/8759"}],"wp:featuredmedia":[{"embeddable":true,"href":"https:\/\/solidanca.cat\/es\/wp-json\/wp\/v2\/media\/7102"}],"wp:attachment":[{"href":"https:\/\/solidanca.cat\/es\/wp-json\/wp\/v2\/media?parent=8582"}],"wp:term":[{"taxonomy":"category","embeddable":true,"href":"https:\/\/solidanca.cat\/es\/wp-json\/wp\/v2\/categories?post=8582"},{"taxonomy":"post_tag","embeddable":true,"href":"https:\/\/solidanca.cat\/es\/wp-json\/wp\/v2\/tags?post=8582"}],"curies":[{"name":"wp","href":"https:\/\/api.w.org\/{rel}","templated":true}]}}