{"id":8583,"date":"2024-02-25T16:15:09","date_gmt":"2024-02-25T15:15:09","guid":{"rendered":"https:\/\/solidanca.con2webs.es\/la-capital-del-maresme-recoge-mas-de-1-600-toneladas-de-residuos-voluminosos-el-2023\/"},"modified":"2024-02-25T16:19:24","modified_gmt":"2024-02-25T15:19:24","slug":"la-capital-del-maresme-recoge-mas-de-1-600-toneladas-de-residuos-voluminosos-el-2023","status":"publish","type":"post","link":"https:\/\/solidanca.cat\/es\/la-capital-del-maresme-recoge-mas-de-1-600-toneladas-de-residuos-voluminosos-el-2023\/","title":{"rendered":"La capital del Maresme recoge m\u00e1s de 1.600 toneladas de residuos voluminosos el 2023"},"content":{"rendered":"\n<p>El servicio de la entidad social\u00a0Solidan\u00e7a, que se lleva a cabo en la ciudad de Matar\u00f3, se basa en una modalidad puntera en la recogida de voluminosos a domicilio. Este servicio marca la diferencia gracias a la incorporaci\u00f3n de objetivos de reutilizaci\u00f3n y de inserci\u00f3n laboral. La idea es aumentar la preservaci\u00f3n de los muebles que se encuentran en buen estado para promover la reutilizaci\u00f3n y la\u00a0econom\u00eda\u00a0circular.<\/p>\n\n\n\n<p>Adem\u00e1s de fomentar la prevenci\u00f3n y la preparaci\u00f3n para la reutilizaci\u00f3n, este nuevo modelo de gesti\u00f3n de residuos alarga la vida \u00fatil de los muebles y genera econom\u00eda social y circular en la ciudad de Matar\u00f3. Se trata de una apuesta del Ayuntamiento de Matar\u00f3 para mejorar la calidad ambiental y crear ocupaci\u00f3n en sectores donde las personas viven en situaci\u00f3n de vulnerabilidad social.<\/p>\n\n\n\n<p><strong>Un servicio pionero<\/strong><\/p>\n\n\n\n<p>Desprendido tres a\u00f1os de funcionamiento, el programa ha recogido hasta 1.662.057 kg de residuos a trav\u00e9s de 18.358 servicios. Por un lado, destacamos la tarea realizada, llegando durante el 2023, a 46.644 kg reutilizados. Estos muebles, que habr\u00edan ido a la incineradora, se han reaprovechado como art\u00edculos de valor, incentivando la econom\u00eda circular y generando nuevos puestos de trabajo.<\/p>\n\n\n\n<p>Este servicio ha permitido la creaci\u00f3n de 15 puestos de trabajo para personas en situaci\u00f3n de vulnerabilidad social en la capital del Maresme. A trav\u00e9s de un itinerario de inserci\u00f3n sociolaboral,&nbsp;Solidan\u00e7a&nbsp;atiende a personas que se encuentran en situaci\u00f3n de vulnerabilidad social y los hace un acompa\u00f1amiento durante el proceso de inserci\u00f3n al mundo laboral.<\/p>\n\n\n\n<p>La creaci\u00f3n de puestos de trabajo en la zona contin\u00faa en el alargamiento del ciclo de vida de los muebles, y desde marzo de 2022&nbsp;Solidan\u00e7a&nbsp;cuenta con una tienda de ropa de segunda mano situada a la ronda Alfonso X El Sabio, n\u00famero 147, donde la ciudadan\u00eda puede comprar muebles de segunda mano de buena calidad y a buenos precios.<\/p>\n\n\n\n<p>Desde&nbsp;Solidan\u00e7a&nbsp;continuamos trabajando con el prop\u00f3sito de crear un futuro social y sostenible, mejorando la calidad ambiental y fomentando la inserci\u00f3n laboral de personas en situaci\u00f3n de vulnerabilidad social.<\/p>\n","protected":false},"excerpt":{"rendered":"<p>El servicio de la entidad social\u00a0Solidan\u00e7a, que se lleva a cabo en la ciudad de Matar\u00f3, se basa en una modalidad&#8230;<\/p>\n","protected":false},"author":2,"featured_media":7105,"comment_status":"open","ping_status":"closed","sticky":false,"template":"","format":"standard","meta":{"_uag_custom_page_level_css":"","_kad_blocks_custom_css":"","_kad_blocks_head_custom_js":"","_kad_blocks_body_custom_js":"","_kad_blocks_footer_custom_js":"","_kad_post_transparent":"","_kad_post_title":"","_kad_post_layout":"","_kad_post_sidebar_id":"","_kad_post_content_style":"","_kad_post_vertical_padding":"","_kad_post_feature":"","_kad_post_feature_position":"","_kad_post_header":false,"_kad_post_footer":false,"_kad_post_classname":"","footnotes":""},"categories":[761,8],"tags":[],"class_list":["post-8583","post","type-post","status-publish","format-standard","has-post-thumbnail","hentry","category-medio-ambiente","category-sin-categorizar"],"taxonomy_info":{"category":[{"value":761,"label":"MEDIO AMBIENTE"},{"value":8,"label":"Sin categorizar"}]},"featured_image_src_large":["https:\/\/solidanca.cat\/wp-content\/uploads\/2025\/04\/FOTO-NOTICIES-WEB-17-7.jpg",400,200,false],"author_info":{"display_name":"Solidan\u00e7a","author_link":"https:\/\/solidanca.cat\/es\/author\/alberg\/"},"comment_info":0,"category_info":[{"term_id":761,"name":"MEDIO AMBIENTE","slug":"medio-ambiente","term_group":0,"term_taxonomy_id":761,"taxonomy":"category","description":"","parent":0,"count":263,"filter":"raw","cat_ID":761,"category_count":263,"category_description":"","cat_name":"MEDIO AMBIENTE","category_nicename":"medio-ambiente","category_parent":0},{"term_id":8,"name":"Sin categorizar","slug":"sin-categorizar","term_group":0,"term_taxonomy_id":8,"taxonomy":"category","description":"","parent":0,"count":199,"filter":"raw","cat_ID":8,"category_count":199,"category_description":"","cat_name":"Sin categorizar","category_nicename":"sin-categorizar","category_parent":0}],"tag_info":false,"uagb_featured_image_src":{"full":["https:\/\/solidanca.cat\/wp-content\/uploads\/2025\/04\/FOTO-NOTICIES-WEB-17-7.jpg",400,200,false],"thumbnail":["https:\/\/solidanca.cat\/wp-content\/uploads\/2025\/04\/FOTO-NOTICIES-WEB-17-7-150x150.jpg",150,150,true],"medium":["https:\/\/solidanca.cat\/wp-content\/uploads\/2025\/04\/FOTO-NOTICIES-WEB-17-7-300x150.jpg",300,150,true],"medium_large":["https:\/\/solidanca.cat\/wp-content\/uploads\/2025\/04\/FOTO-NOTICIES-WEB-17-7.jpg",400,200,false],"large":["https:\/\/solidanca.cat\/wp-content\/uploads\/2025\/04\/FOTO-NOTICIES-WEB-17-7.jpg",400,200,false],"1536x1536":["https:\/\/solidanca.cat\/wp-content\/uploads\/2025\/04\/FOTO-NOTICIES-WEB-17-7.jpg",400,200,false],"2048x2048":["https:\/\/solidanca.cat\/wp-content\/uploads\/2025\/04\/FOTO-NOTICIES-WEB-17-7.jpg",400,200,false]},"uagb_author_info":{"display_name":"Solidan\u00e7a","author_link":"https:\/\/solidanca.cat\/es\/author\/alberg\/"},"uagb_comment_info":0,"uagb_excerpt":"El servicio de la entidad social\u00a0Solidan\u00e7a, que se lleva a cabo en la ciudad de Matar\u00f3, se basa en una modalidad...","_links":{"self":[{"href":"https:\/\/solidanca.cat\/es\/wp-json\/wp\/v2\/posts\/8583","targetHints":{"allow":["GET"]}}],"collection":[{"href":"https:\/\/solidanca.cat\/es\/wp-json\/wp\/v2\/posts"}],"about":[{"href":"https:\/\/solidanca.cat\/es\/wp-json\/wp\/v2\/types\/post"}],"author":[{"embeddable":true,"href":"https:\/\/solidanca.cat\/es\/wp-json\/wp\/v2\/users\/2"}],"replies":[{"embeddable":true,"href":"https:\/\/solidanca.cat\/es\/wp-json\/wp\/v2\/comments?post=8583"}],"version-history":[{"count":0,"href":"https:\/\/solidanca.cat\/es\/wp-json\/wp\/v2\/posts\/8583\/revisions"}],"wp:featuredmedia":[{"embeddable":true,"href":"https:\/\/solidanca.cat\/es\/wp-json\/wp\/v2\/media\/7105"}],"wp:attachment":[{"href":"https:\/\/solidanca.cat\/es\/wp-json\/wp\/v2\/media?parent=8583"}],"wp:term":[{"taxonomy":"category","embeddable":true,"href":"https:\/\/solidanca.cat\/es\/wp-json\/wp\/v2\/categories?post=8583"},{"taxonomy":"post_tag","embeddable":true,"href":"https:\/\/solidanca.cat\/es\/wp-json\/wp\/v2\/tags?post=8583"}],"curies":[{"name":"wp","href":"https:\/\/api.w.org\/{rel}","templated":true}]}}