{"id":8586,"date":"2024-03-04T14:34:00","date_gmt":"2024-03-04T13:34:00","guid":{"rendered":"https:\/\/solidanca.con2webs.es\/una-delegacion-con-representantes-de-sumar-y-en-comun-podemos-visitar-la-sede-de-solidanca-entidad-de-la-red-de-aeress-para-conocer-la-gestion-integral-del-residuo-textil\/"},"modified":"2024-03-04T14:23:00","modified_gmt":"2024-03-04T13:23:00","slug":"una-delegacion-con-representantes-de-sumar-y-en-comun-podemos-visitar-la-sede-de-solidanca-entidad-de-la-red-de-aeress-para-conocer-la-gestion-integral-del-residuo-textil","status":"publish","type":"post","link":"https:\/\/solidanca.cat\/es\/una-delegacion-con-representantes-de-sumar-y-en-comun-podemos-visitar-la-sede-de-solidanca-entidad-de-la-red-de-aeress-para-conocer-la-gestion-integral-del-residuo-textil\/","title":{"rendered":"Una delegaci\u00f3n con representantes de Sumar y En Com\u00fan Podem visitan la sede de\u00a0Solidan\u00e7a, entidad de la red de\u00a0AERESS,\u00a0para conocer la gesti\u00f3n integral del residuo textil"},"content":{"rendered":"\n<p>Solidan\u00e7a, como miembro de la asociaci\u00f3n estatal\u00a0AERESS, recibe la visita de J\u00falia Boada (diputada a Madrid para Sumar), Enric\u00a0B\u00e0rcena\u00a0(portavoz de Medio Ambiente en el Parlamento de Catalu\u00f1a), Marc Serra (responsable del \u00c1rea de Medio Ambiente de la Diputaci\u00f3n de Barcelona) y los asesores\/se: Jordi\u00a0Manils\u00a0(Diputaci\u00f3n de Barcelona) y Magda Mu\u00f1oz (Congreso de los Diputados) a sus instalaciones. La visita ha servido para conocer de primera mano las pr\u00e1cticas en materia de inclusi\u00f3n sociolaboral y gesti\u00f3n de residuos de las entidades de la red, as\u00ed como para analizar las nuevas leyes actuales y futuras referentes a la gesti\u00f3n y recogida del residuo textil y a las empresas de inserci\u00f3n.<\/p>\n\n\n\n<p>El grupo pol\u00edtico ha sido recibido por el equipo de Solidan\u00e7a acompa\u00f1adas de las entidades Engrunes y Andr\u00f2mines tambi\u00e9n miembros de la red de AERESS. Marc Pintor, director general de Solidan\u00e7a, ha encabezado la ruta por las instalaciones, donde las diferentes responsables de \u00e1rea de Solidan\u00e7a han mostrado la actividad en Preparaci\u00f3n para la Reutilizaci\u00f3n (PxR) del residuo textil y el trabajo realizado por entidad hacia la innovaci\u00f3n con proyectos circulares. Adem\u00e1s, durante la visita se ha podido presentar La Recuperadora, una nueva marca estatal para todas las entidades de la red que gestionan residuo textil.<\/p>\n\n\n\n<p>El encuentro ha facilitado el intercambio de impresiones e informaci\u00f3n en relaci\u00f3n con los nuevos retos de la ley 7\/2022 y con los cambios que incorpora en la gesti\u00f3n del residuo textil, con un futuro SCRAP y objetivos ambiciosos de recogida, entre otros .<\/p>\n\n\n\n<p>El acto de hoy no solo refuerza el compromiso de Solidan\u00e7a y las entidades de la red de AERESS con la sociedad y el medio ambiente, sino que tambi\u00e9n destaca el impacto positivo que la entidad est\u00e1 teniendo en la comunidad con la innovaci\u00f3n y la sostenibilidad y su capacidad para inspirar acciones concretas hacia un futuro m\u00e1s sostenible e inclusivo para las personas en riesgo de exclusi\u00f3n social.<\/p>\n\n\n\n<p><\/p>\n\n\n\n<p><\/p>\n","protected":false},"excerpt":{"rendered":"<p>Solidan\u00e7a, como miembro de la asociaci\u00f3n estatal\u00a0AERESS, recibe la visita de J\u00falia Boada (diputada a Madrid para Sumar), Enric\u00a0B\u00e0rcena\u00a0(portavoz de Medio&#8230;<\/p>\n","protected":false},"author":2,"featured_media":7113,"comment_status":"closed","ping_status":"closed","sticky":false,"template":"","format":"standard","meta":{"_uag_custom_page_level_css":"","_kad_blocks_custom_css":"","_kad_blocks_head_custom_js":"","_kad_blocks_body_custom_js":"","_kad_blocks_footer_custom_js":"","_kad_post_transparent":"","_kad_post_title":"","_kad_post_layout":"","_kad_post_sidebar_id":"","_kad_post_content_style":"","_kad_post_vertical_padding":"","_kad_post_feature":"","_kad_post_feature_position":"","_kad_post_header":false,"_kad_post_footer":false,"_kad_post_classname":"","footnotes":""},"categories":[763,761],"tags":[],"class_list":["post-8586","post","type-post","status-publish","format-standard","has-post-thumbnail","hentry","category-area-social-es","category-medio-ambiente"],"taxonomy_info":{"category":[{"value":763,"label":"Area Social"},{"value":761,"label":"MEDIO AMBIENTE"}]},"featured_image_src_large":["https:\/\/solidanca.cat\/wp-content\/uploads\/2025\/04\/FOTO-NOTICIES-WEB-6-10.png",400,200,false],"author_info":{"display_name":"Solidan\u00e7a","author_link":"https:\/\/solidanca.cat\/es\/author\/alberg\/"},"comment_info":0,"category_info":[{"term_id":763,"name":"Area Social","slug":"area-social-es","term_group":0,"term_taxonomy_id":763,"taxonomy":"category","description":"","parent":0,"count":208,"filter":"raw","cat_ID":763,"category_count":208,"category_description":"","cat_name":"Area Social","category_nicename":"area-social-es","category_parent":0},{"term_id":761,"name":"MEDIO AMBIENTE","slug":"medio-ambiente","term_group":0,"term_taxonomy_id":761,"taxonomy":"category","description":"","parent":0,"count":263,"filter":"raw","cat_ID":761,"category_count":263,"category_description":"","cat_name":"MEDIO AMBIENTE","category_nicename":"medio-ambiente","category_parent":0}],"tag_info":false,"uagb_featured_image_src":{"full":["https:\/\/solidanca.cat\/wp-content\/uploads\/2025\/04\/FOTO-NOTICIES-WEB-6-10.png",400,200,false],"thumbnail":["https:\/\/solidanca.cat\/wp-content\/uploads\/2025\/04\/FOTO-NOTICIES-WEB-6-10-150x150.png",150,150,true],"medium":["https:\/\/solidanca.cat\/wp-content\/uploads\/2025\/04\/FOTO-NOTICIES-WEB-6-10-300x150.png",300,150,true],"medium_large":["https:\/\/solidanca.cat\/wp-content\/uploads\/2025\/04\/FOTO-NOTICIES-WEB-6-10.png",400,200,false],"large":["https:\/\/solidanca.cat\/wp-content\/uploads\/2025\/04\/FOTO-NOTICIES-WEB-6-10.png",400,200,false],"1536x1536":["https:\/\/solidanca.cat\/wp-content\/uploads\/2025\/04\/FOTO-NOTICIES-WEB-6-10.png",400,200,false],"2048x2048":["https:\/\/solidanca.cat\/wp-content\/uploads\/2025\/04\/FOTO-NOTICIES-WEB-6-10.png",400,200,false]},"uagb_author_info":{"display_name":"Solidan\u00e7a","author_link":"https:\/\/solidanca.cat\/es\/author\/alberg\/"},"uagb_comment_info":0,"uagb_excerpt":"Solidan\u00e7a, como miembro de la asociaci\u00f3n estatal\u00a0AERESS, recibe la visita de J\u00falia Boada (diputada a Madrid para Sumar), Enric\u00a0B\u00e0rcena\u00a0(portavoz de Medio...","_links":{"self":[{"href":"https:\/\/solidanca.cat\/es\/wp-json\/wp\/v2\/posts\/8586","targetHints":{"allow":["GET"]}}],"collection":[{"href":"https:\/\/solidanca.cat\/es\/wp-json\/wp\/v2\/posts"}],"about":[{"href":"https:\/\/solidanca.cat\/es\/wp-json\/wp\/v2\/types\/post"}],"author":[{"embeddable":true,"href":"https:\/\/solidanca.cat\/es\/wp-json\/wp\/v2\/users\/2"}],"replies":[{"embeddable":true,"href":"https:\/\/solidanca.cat\/es\/wp-json\/wp\/v2\/comments?post=8586"}],"version-history":[{"count":0,"href":"https:\/\/solidanca.cat\/es\/wp-json\/wp\/v2\/posts\/8586\/revisions"}],"wp:featuredmedia":[{"embeddable":true,"href":"https:\/\/solidanca.cat\/es\/wp-json\/wp\/v2\/media\/7113"}],"wp:attachment":[{"href":"https:\/\/solidanca.cat\/es\/wp-json\/wp\/v2\/media?parent=8586"}],"wp:term":[{"taxonomy":"category","embeddable":true,"href":"https:\/\/solidanca.cat\/es\/wp-json\/wp\/v2\/categories?post=8586"},{"taxonomy":"post_tag","embeddable":true,"href":"https:\/\/solidanca.cat\/es\/wp-json\/wp\/v2\/tags?post=8586"}],"curies":[{"name":"wp","href":"https:\/\/api.w.org\/{rel}","templated":true}]}}