{"id":8597,"date":"2023-12-21T09:48:00","date_gmt":"2023-12-21T08:48:00","guid":{"rendered":"https:\/\/solidanca.con2webs.es\/un-ano-de-exito-del-programa-solidanca-insereix\/"},"modified":"2023-12-21T10:00:00","modified_gmt":"2023-12-21T09:00:00","slug":"un-ano-de-exito-del-programa-solidanca-insereix","status":"publish","type":"post","link":"https:\/\/solidanca.cat\/es\/un-ano-de-exito-del-programa-solidanca-insereix\/","title":{"rendered":"Un a\u00f1o de \u00e9xito del programa\u00a0SOLIDAN\u00c7A-INSEREIX"},"content":{"rendered":"\n<p>El programa&nbsp;SOLIDAN\u00c7A-INSEREIX&nbsp;es un proyecto de inserci\u00f3n sociolaboral de&nbsp;Solidan\u00e7a&nbsp;a trav\u00e9s de la formaci\u00f3n <em>in situ<\/em> en el puesto de trabajo de las personas trabajadoras que hacen un itinerario de inserci\u00f3n a la entidad acompa\u00f1adas por una t\u00e9cnica de inserci\u00f3n y una t\u00e9cnica de prospecci\u00f3n.<\/p>\n\n\n\n<p>Los itinerarios de inserci\u00f3n es un plan de trabajo entre la persona trabajadora y la persona que realiza el acompa\u00f1amiento definen unos objetivos para mejorar la empleabilidad. Estos itinerarios son personalizados donde se utiliza una metodolog\u00eda muy trabajada y con un equipo t\u00e9cnico multidisciplinario que hacen un acompa\u00f1amiento personalizado y hol\u00edstico de la persona donde la formaci\u00f3n es clave. En este itinerario hay una parte de intermediaci\u00f3n laboral realizada por una&nbsp;prospectora&nbsp;donde se establecen las relaciones con las empresas para conseguir la inserci\u00f3n sociolaboral a la empresa ordinaria.<\/p>\n\n\n\n<p>Y es aqu\u00ed, en la formaci\u00f3n, donde el programa INSEREIX adquiere una importancia vital para la formaci\u00f3n dentro de los programas de inserci\u00f3n a&nbsp;Solidan\u00e7a. Es por eso que se propone una metodolog\u00eda integral a trav\u00e9s de itinerarios de inserci\u00f3n sociolaboral y un acompa\u00f1amiento individualizado mediante tutor\u00edas y acciones grupales que han permitido detectar los factores personales, laborales y formativos de cada una de las personas; factores que, en definitiva, pueden incidir en las situaciones de vulnerabilidad actuales o actuar como impulsores para superar la situaci\u00f3n de crisis personal y laboral.<\/p>\n\n\n\n<p>En el primer a\u00f1o del programa, <strong>102 personas<\/strong> se han beneficiado del programa a trav\u00e9s de los itinerarios de inserci\u00f3n haciendo formaciones en competencias ling\u00fc\u00edsticas en catal\u00e1n o castellano, mejora en las competencias TIC o conocimiento de herramientas y recursos para la investigaci\u00f3n de trabajo.<\/p>\n\n\n\n<p>Gracias a los itinerarios de inserci\u00f3n y a la formaci\u00f3n continua financiada por&nbsp;INSEREIX, <strong>26 personas<\/strong> han firmado un contrato en la empresa ordinaria y <strong>45 empresas<\/strong> han sido sensibilizadas para el fomento de la contrataci\u00f3n de personas con situaci\u00f3n de exclusi\u00f3n social.<\/p>\n\n\n\n<p>Desde la entidad, agradecemos la colaboraci\u00f3n de la Fundaci\u00f3n La Caixa y de las empresas que apuestan por la Responsabilidad Social Corporativa, puesto que, confiando en nuestro proyecto, nos ayudan a hacer realidad nuestra misi\u00f3n.<\/p>\n\n\n\n<p>Desde\u00a0Solidan\u00e7a\u00a0continuamos apostando por la inserci\u00f3n sociolaboral y por las formaciones\u00a0profesionales como herramienta de creaci\u00f3n de oportunidades laborales.<\/p>\n\n\n\n<p>Este proyecto recibe el apoyo de Fundaci\u00f3 La Caixa. <\/p>\n\n\n\n<figure class=\"wp-block-image size-full is-resized\"><img loading=\"lazy\" decoding=\"async\" src=\"https:\/\/solidanca.cat\/wp-content\/uploads\/2024\/03\/Logo_Fund-La-Caixa.jpg\" alt=\"\" class=\"wp-image-17905\" width=\"206\" height=\"113\"\/><\/figure>\n","protected":false},"excerpt":{"rendered":"<p>El programa&nbsp;SOLIDAN\u00c7A-INSEREIX&nbsp;es un proyecto de inserci\u00f3n sociolaboral de&nbsp;Solidan\u00e7a&nbsp;a trav\u00e9s de la formaci\u00f3n in situ en el puesto de trabajo de las&#8230;<\/p>\n","protected":false},"author":2,"featured_media":7139,"comment_status":"open","ping_status":"closed","sticky":false,"template":"","format":"standard","meta":{"_uag_custom_page_level_css":"","_kad_blocks_custom_css":"","_kad_blocks_head_custom_js":"","_kad_blocks_body_custom_js":"","_kad_blocks_footer_custom_js":"","_kad_post_transparent":"","_kad_post_title":"","_kad_post_layout":"","_kad_post_sidebar_id":"","_kad_post_content_style":"","_kad_post_vertical_padding":"","_kad_post_feature":"","_kad_post_feature_position":"","_kad_post_header":false,"_kad_post_footer":false,"_kad_post_classname":"","footnotes":""},"categories":[763,758],"tags":[],"class_list":["post-8597","post","type-post","status-publish","format-standard","has-post-thumbnail","hentry","category-area-social-es","category-formacion"],"taxonomy_info":{"category":[{"value":763,"label":"Area Social"},{"value":758,"label":"Formaci\u00f3n"}]},"featured_image_src_large":["https:\/\/solidanca.cat\/wp-content\/uploads\/2025\/04\/FOTO-NOTICIES-WEB-21-7.jpg",400,200,false],"author_info":{"display_name":"Solidan\u00e7a","author_link":"https:\/\/solidanca.cat\/es\/author\/alberg\/"},"comment_info":0,"category_info":[{"term_id":763,"name":"Area Social","slug":"area-social-es","term_group":0,"term_taxonomy_id":763,"taxonomy":"category","description":"","parent":0,"count":208,"filter":"raw","cat_ID":763,"category_count":208,"category_description":"","cat_name":"Area Social","category_nicename":"area-social-es","category_parent":0},{"term_id":758,"name":"Formaci\u00f3n","slug":"formacion","term_group":0,"term_taxonomy_id":758,"taxonomy":"category","description":"","parent":0,"count":107,"filter":"raw","cat_ID":758,"category_count":107,"category_description":"","cat_name":"Formaci\u00f3n","category_nicename":"formacion","category_parent":0}],"tag_info":false,"uagb_featured_image_src":{"full":["https:\/\/solidanca.cat\/wp-content\/uploads\/2025\/04\/FOTO-NOTICIES-WEB-21-7.jpg",400,200,false],"thumbnail":["https:\/\/solidanca.cat\/wp-content\/uploads\/2025\/04\/FOTO-NOTICIES-WEB-21-7-150x150.jpg",150,150,true],"medium":["https:\/\/solidanca.cat\/wp-content\/uploads\/2025\/04\/FOTO-NOTICIES-WEB-21-7-300x150.jpg",300,150,true],"medium_large":["https:\/\/solidanca.cat\/wp-content\/uploads\/2025\/04\/FOTO-NOTICIES-WEB-21-7.jpg",400,200,false],"large":["https:\/\/solidanca.cat\/wp-content\/uploads\/2025\/04\/FOTO-NOTICIES-WEB-21-7.jpg",400,200,false],"1536x1536":["https:\/\/solidanca.cat\/wp-content\/uploads\/2025\/04\/FOTO-NOTICIES-WEB-21-7.jpg",400,200,false],"2048x2048":["https:\/\/solidanca.cat\/wp-content\/uploads\/2025\/04\/FOTO-NOTICIES-WEB-21-7.jpg",400,200,false]},"uagb_author_info":{"display_name":"Solidan\u00e7a","author_link":"https:\/\/solidanca.cat\/es\/author\/alberg\/"},"uagb_comment_info":0,"uagb_excerpt":"El programa&nbsp;SOLIDAN\u00c7A-INSEREIX&nbsp;es un proyecto de inserci\u00f3n sociolaboral de&nbsp;Solidan\u00e7a&nbsp;a trav\u00e9s de la formaci\u00f3n in situ en el puesto de trabajo de las...","_links":{"self":[{"href":"https:\/\/solidanca.cat\/es\/wp-json\/wp\/v2\/posts\/8597","targetHints":{"allow":["GET"]}}],"collection":[{"href":"https:\/\/solidanca.cat\/es\/wp-json\/wp\/v2\/posts"}],"about":[{"href":"https:\/\/solidanca.cat\/es\/wp-json\/wp\/v2\/types\/post"}],"author":[{"embeddable":true,"href":"https:\/\/solidanca.cat\/es\/wp-json\/wp\/v2\/users\/2"}],"replies":[{"embeddable":true,"href":"https:\/\/solidanca.cat\/es\/wp-json\/wp\/v2\/comments?post=8597"}],"version-history":[{"count":0,"href":"https:\/\/solidanca.cat\/es\/wp-json\/wp\/v2\/posts\/8597\/revisions"}],"wp:featuredmedia":[{"embeddable":true,"href":"https:\/\/solidanca.cat\/es\/wp-json\/wp\/v2\/media\/7139"}],"wp:attachment":[{"href":"https:\/\/solidanca.cat\/es\/wp-json\/wp\/v2\/media?parent=8597"}],"wp:term":[{"taxonomy":"category","embeddable":true,"href":"https:\/\/solidanca.cat\/es\/wp-json\/wp\/v2\/categories?post=8597"},{"taxonomy":"post_tag","embeddable":true,"href":"https:\/\/solidanca.cat\/es\/wp-json\/wp\/v2\/tags?post=8597"}],"curies":[{"name":"wp","href":"https:\/\/api.w.org\/{rel}","templated":true}]}}