{"id":8606,"date":"2024-03-21T13:44:05","date_gmt":"2024-03-21T12:44:05","guid":{"rendered":"https:\/\/solidanca.con2webs.es\/1500-personas-se-insertan-laboralmente-desde-el-programa-labora\/"},"modified":"2025-04-02T13:25:47","modified_gmt":"2025-04-02T11:25:47","slug":"1500-personas-se-insertan-laboralmente-desde-el-programa-labora","status":"publish","type":"post","link":"https:\/\/solidanca.cat\/es\/1500-personas-se-insertan-laboralmente-desde-el-programa-labora\/","title":{"rendered":"46 personas derivadas del Programa L\u00e0bora son contratadas en Solidan\u00e7a en 2023"},"content":{"rendered":"\n<p>Hoy, 21 de marzo, asistimos a la I Jornada Comprom\u00eds Empresa del Programa&nbsp;L\u00e0bora. El programa&nbsp;L\u00e0bora&nbsp;trabaja para el fomento de la ocupaci\u00f3n en Barcelona y acerca las personas en situaci\u00f3n de vulnerabilidad al mercado laboral.<\/p>\n\n\n\n<p>Desde el 2015, han pasado por el&nbsp;L\u00e0bora&nbsp;m\u00e1s de 55.000 personas, a quienes se ha atendido d\u00e1ndolos trabajo, acompa\u00f1amiento y\/o formaci\u00f3n, a trav\u00e9s de la ayuda de m\u00e1s de 50 entidades de referencia de la ciudad que han orientado las personas usuarias y la oferta de m\u00e1s de 1.000 empresas con una mirada abierta e inclusiva.<\/p>\n\n\n\n<p>El programa se ha convertido en una herramienta de referencia y transparencia, dentro y fuera de la ciudad, por su eficiencia, participaci\u00f3n e innovaci\u00f3n en la ocupaci\u00f3n de personas con dificultades de acceso al mercado de trabajo, y con plena satisfacci\u00f3n de las empresas contratantes: se atienen 6.000 personas anualmente, con una inserci\u00f3n final de 1.500 inserciones aproximadamente.<\/p>\n\n\n\n<p>Solidan\u00e7a&nbsp;ha participado de un espacio de encuentro y de aprendizaje entre todas las empresas del sector social. Durante la jornada se entreg\u00f3 el Diploma y Sello&nbsp;L\u00e0bora&nbsp;que se le otorga a todas las organizaciones colaboradoras, como reconocimiento a su participaci\u00f3n y compromiso con la contrataci\u00f3n de los colectivos en situaci\u00f3n de vulnerabilidad social de la ciudad.<\/p>\n\n\n\n<p>Hay que remarcar que durante el 2023&nbsp;Solidan\u00e7a&nbsp;contrat\u00f3 a 46 personas derivadas del Programa&nbsp;L\u00e0bora, que iniciaron un itinerario de inserci\u00f3n con la entidad con el objetivo de fomentar su inserci\u00f3n sociolaboral.<\/p>\n\n\n\n<p>Solidan\u00e7a&nbsp;tambi\u00e9n particip\u00f3 en el espacio de&nbsp;networking&nbsp;entre las empresas, la gobernanza y los agentes del programa, donde se pudo entrevistar y conocer a muchas personas. En este espacio hay unas setenta empresas que se entrevistan con m\u00e1s de cuatrocientas persones candidatas que participan en el Programa, con el objetivo de cubrir procesos de selecci\u00f3n de personal o formar parte de sus bolsas de trabajo. Es un espacio dise\u00f1ado en un formato de entrevistas individuales y grupales, y siguiendo criterios de ocupaci\u00f3n por competencias, con el objetivo de conseguir el n\u00famero m\u00e1s grande de inserciones posible y contribuir a mejorar la empleabilidad de los colectivos en situaci\u00f3n de vulnerabilidad social.<\/p>\n\n\n\n<p>Continuamos con muchas ganas de compartir experiencias y de seguir trabajando por una ocupaci\u00f3n de calidad en Barcelona.<\/p>\n","protected":false},"excerpt":{"rendered":"<p>Hoy, 21 de marzo, asistimos a la I Jornada Comprom\u00eds Empresa del Programa&nbsp;L\u00e0bora. El programa&nbsp;L\u00e0bora&nbsp;trabaja para el fomento de la ocupaci\u00f3n&#8230;<\/p>\n","protected":false},"author":2,"featured_media":7159,"comment_status":"open","ping_status":"closed","sticky":false,"template":"","format":"standard","meta":{"_uag_custom_page_level_css":"","_kad_blocks_custom_css":"","_kad_blocks_head_custom_js":"","_kad_blocks_body_custom_js":"","_kad_blocks_footer_custom_js":"","_kad_post_transparent":"","_kad_post_title":"","_kad_post_layout":"","_kad_post_sidebar_id":"","_kad_post_content_style":"","_kad_post_vertical_padding":"","_kad_post_feature":"","_kad_post_feature_position":"","_kad_post_header":false,"_kad_post_footer":false,"_kad_post_classname":"","footnotes":""},"categories":[763,758],"tags":[],"class_list":["post-8606","post","type-post","status-publish","format-standard","has-post-thumbnail","hentry","category-area-social-es","category-formacion"],"taxonomy_info":{"category":[{"value":763,"label":"Area Social"},{"value":758,"label":"Formaci\u00f3n"}]},"featured_image_src_large":["https:\/\/solidanca.cat\/wp-content\/uploads\/2025\/04\/FOTO-NOTICIES-WEB-1-30.jpg",400,200,false],"author_info":{"display_name":"Solidan\u00e7a","author_link":"https:\/\/solidanca.cat\/es\/author\/alberg\/"},"comment_info":0,"category_info":[{"term_id":763,"name":"Area Social","slug":"area-social-es","term_group":0,"term_taxonomy_id":763,"taxonomy":"category","description":"","parent":0,"count":205,"filter":"raw","cat_ID":763,"category_count":205,"category_description":"","cat_name":"Area Social","category_nicename":"area-social-es","category_parent":0},{"term_id":758,"name":"Formaci\u00f3n","slug":"formacion","term_group":0,"term_taxonomy_id":758,"taxonomy":"category","description":"","parent":0,"count":107,"filter":"raw","cat_ID":758,"category_count":107,"category_description":"","cat_name":"Formaci\u00f3n","category_nicename":"formacion","category_parent":0}],"tag_info":false,"uagb_featured_image_src":{"full":["https:\/\/solidanca.cat\/wp-content\/uploads\/2025\/04\/FOTO-NOTICIES-WEB-1-30.jpg",400,200,false],"thumbnail":["https:\/\/solidanca.cat\/wp-content\/uploads\/2025\/04\/FOTO-NOTICIES-WEB-1-30-150x150.jpg",150,150,true],"medium":["https:\/\/solidanca.cat\/wp-content\/uploads\/2025\/04\/FOTO-NOTICIES-WEB-1-30-300x150.jpg",300,150,true],"medium_large":["https:\/\/solidanca.cat\/wp-content\/uploads\/2025\/04\/FOTO-NOTICIES-WEB-1-30.jpg",400,200,false],"large":["https:\/\/solidanca.cat\/wp-content\/uploads\/2025\/04\/FOTO-NOTICIES-WEB-1-30.jpg",400,200,false],"1536x1536":["https:\/\/solidanca.cat\/wp-content\/uploads\/2025\/04\/FOTO-NOTICIES-WEB-1-30.jpg",400,200,false],"2048x2048":["https:\/\/solidanca.cat\/wp-content\/uploads\/2025\/04\/FOTO-NOTICIES-WEB-1-30.jpg",400,200,false]},"uagb_author_info":{"display_name":"Solidan\u00e7a","author_link":"https:\/\/solidanca.cat\/es\/author\/alberg\/"},"uagb_comment_info":0,"uagb_excerpt":"Hoy, 21 de marzo, asistimos a la I Jornada Comprom\u00eds Empresa del Programa&nbsp;L\u00e0bora. El programa&nbsp;L\u00e0bora&nbsp;trabaja para el fomento de la ocupaci\u00f3n...","_links":{"self":[{"href":"https:\/\/solidanca.cat\/es\/wp-json\/wp\/v2\/posts\/8606","targetHints":{"allow":["GET"]}}],"collection":[{"href":"https:\/\/solidanca.cat\/es\/wp-json\/wp\/v2\/posts"}],"about":[{"href":"https:\/\/solidanca.cat\/es\/wp-json\/wp\/v2\/types\/post"}],"author":[{"embeddable":true,"href":"https:\/\/solidanca.cat\/es\/wp-json\/wp\/v2\/users\/2"}],"replies":[{"embeddable":true,"href":"https:\/\/solidanca.cat\/es\/wp-json\/wp\/v2\/comments?post=8606"}],"version-history":[{"count":1,"href":"https:\/\/solidanca.cat\/es\/wp-json\/wp\/v2\/posts\/8606\/revisions"}],"predecessor-version":[{"id":8768,"href":"https:\/\/solidanca.cat\/es\/wp-json\/wp\/v2\/posts\/8606\/revisions\/8768"}],"wp:featuredmedia":[{"embeddable":true,"href":"https:\/\/solidanca.cat\/es\/wp-json\/wp\/v2\/media\/7159"}],"wp:attachment":[{"href":"https:\/\/solidanca.cat\/es\/wp-json\/wp\/v2\/media?parent=8606"}],"wp:term":[{"taxonomy":"category","embeddable":true,"href":"https:\/\/solidanca.cat\/es\/wp-json\/wp\/v2\/categories?post=8606"},{"taxonomy":"post_tag","embeddable":true,"href":"https:\/\/solidanca.cat\/es\/wp-json\/wp\/v2\/tags?post=8606"}],"curies":[{"name":"wp","href":"https:\/\/api.w.org\/{rel}","templated":true}]}}