{"id":8607,"date":"2024-04-10T10:00:00","date_gmt":"2024-04-10T08:00:00","guid":{"rendered":"https:\/\/solidanca.con2webs.es\/inauguramos-en-banyoles-una-nueva-tienda-de-roba-amiga\/"},"modified":"2025-04-02T13:25:47","modified_gmt":"2025-04-02T11:25:47","slug":"inauguramos-en-banyoles-una-nueva-tienda-de-roba-amiga","status":"publish","type":"post","link":"https:\/\/solidanca.cat\/es\/inauguramos-en-banyoles-una-nueva-tienda-de-roba-amiga\/","title":{"rendered":"\u00a1Inauguramos en Banyoles una nueva tienda de Roba Amiga!"},"content":{"rendered":"\n<p>Hoy 10 de abril de 2024, hemos inaugurado la<strong> nueva tienda Roba Amiga en Banyoles, <\/strong>con la presencia de la direcci\u00f3n de la <strong>Fundaci\u00f3n Solidan\u00e7a<\/strong>, parte representante del equipo de Solidan\u00e7a Barcelona y de ADAD el Encant de Girona.<\/p>\n\n\n\n<p>El evento se ha celebrado en el establecimiento, situado en <strong>C\/ de la Rambla, 18,<\/strong> con la bienvenida liderada por Xavier Mart\u00edn, responsable de relaciones institucionales de ADAD L&#8217;Encant, quien ha recalcado los<strong> esfuerzos y trabajo en red entre ADAD y Solidan\u00e7a, <\/strong>que hacen posible la consolidaci\u00f3n de un proyecto como \u00e9ste.<\/p>\n\n\n\n<p>Despu\u00e9s, ha dado paso a Marc Pintor, director general de la Fundaci\u00f3 Solidan\u00e7a, impulsora del proyecto; quien ha puesto <strong>\u00e9nfasis en la trayectoria de la entidad en la comarca<\/strong> y en los valores que nos unen para, acto seguido, realizar la clausura inaugural.<\/p>\n\n\n\n<p>De esta forma, la entidad <strong>consolida su proyecto social y ambiental con la sexta tienda en la provincia de Girona,<\/strong> despu\u00e9s de las dos tiendas en la ciudad de Girona, Olot, Figueres y Salt.<\/p>\n\n\n\n<p>Agradecemos la presencia de todas las personas interesadas en nuestro proyecto y la apuesta del municipio por seguir promoviendo una econom\u00eda social, solidaria con la inserci\u00f3n sociolaboral de las personas en situaci\u00f3n de vulnerabilidad social y la econom\u00eda circular promoviendo la reutilizaci\u00f3n a trav\u00e9s de la segunda mano y as\u00ed la mejora del medio ambiente. Gracias tambi\u00e9n a la Ag\u00e8ncia Catalana de Residus por el apoyo incondicional y la apuesta que hace por la moda circular y la segunda mano as\u00ed como la lucha por un futuro de residuo cero.<\/p>\n\n\n\n<p><strong>Sobre el nuevo establecimiento en Banyoles<\/strong><\/p>\n\n\n\n<p>El comercio est\u00e1 situado en la <strong>calle de la Rambla n\u00famero 18 de Banyoles<\/strong> y cuenta con una amplia gama de<strong> productos de segunda mano de ropa, <\/strong>cuidadosamente seleccionados y enfocados a la venta de moda de calidad. Se trata de un producto que ha pasado por un filtro concreto en su clasificaci\u00f3n, adem\u00e1s de estar expuesto a la clientela de una forma m\u00e1s cuidada y exclusiva.<\/p>\n\n\n\n<p>Adem\u00e1s, comprando en las tiendas <strong>Roba Amiga se fomenta la inserci\u00f3n sociolaboral de personas en situaci\u00f3n de vulnerabilidad social y al mismo tiempo el cuidado del medio ambiente evitando la emisi\u00f3n de CO\u2082<\/strong> a la atm\u00f3sfera a trav\u00e9s de la reutilizaci\u00f3n de estos productos con objetivo de fomentar el comercio de proximidad.<\/p>\n\n\n\n<p>Esta actividad inicialmente <strong>dar\u00e1 trabajo a una persona en situaci\u00f3n de vulnerabilidad social <\/strong>como tendera para promover su inserci\u00f3n sociolaboral, adem\u00e1s indirectamente en la planta de producci\u00f3n y elecci\u00f3n.<\/p>\n\n\n\n<p>El establecimiento se suma a las <strong>5 tiendas de Roba Amiga de la comarca de Girona, <\/strong>situadas en Girona ciudad (2), Salt (El Encant de Salt), Olot y Figueres, con el objetivo de seguir promoviendo la econom\u00eda circular y la econom\u00eda social, sensibilizando a la ciudadan\u00eda sobre el impacto social y ambiental del proyecto, y la importancia de realizar un consumo responsable y de proximidad.<\/p>\n\n\n\n<p>El horario de la tienda ser\u00e1 de lunes a s\u00e1bado de 10:00 ha 13:30 h y de 16:00 ha 19:30 h en la Calle de la Rambla 18.<\/p>\n\n\n\n<p>Puede encontrar todas las tiendas publicadas en la web <a href=\"http:\/\/solidanca.cat\/tiendas\">www.solidanca.cat\/tiendas<\/a> y seguir el d\u00eda a d\u00eda en la cuenta de Instagram @robaamigagirona<\/p>\n","protected":false},"excerpt":{"rendered":"<p>Hoy 10 de abril de 2024, hemos inaugurado la nueva tienda Roba Amiga en Banyoles, con la presencia de la direcci\u00f3n&#8230;<\/p>\n","protected":false},"author":2,"featured_media":7162,"comment_status":"open","ping_status":"closed","sticky":false,"template":"","format":"standard","meta":{"_uag_custom_page_level_css":"","_kad_blocks_custom_css":"","_kad_blocks_head_custom_js":"","_kad_blocks_body_custom_js":"","_kad_blocks_footer_custom_js":"","_kad_post_transparent":"","_kad_post_title":"","_kad_post_layout":"","_kad_post_sidebar_id":"","_kad_post_content_style":"","_kad_post_vertical_padding":"","_kad_post_feature":"","_kad_post_feature_position":"","_kad_post_header":false,"_kad_post_footer":false,"_kad_post_classname":"","footnotes":""},"categories":[761,765,756],"tags":[],"class_list":["post-8607","post","type-post","status-publish","format-standard","has-post-thumbnail","hentry","category-medio-ambiente","category-roba-amiga-2","category-tiendas"],"taxonomy_info":{"category":[{"value":761,"label":"MEDIO AMBIENTE"},{"value":765,"label":"Roba Amiga"},{"value":756,"label":"Tiendas"}]},"featured_image_src_large":["https:\/\/solidanca.cat\/wp-content\/uploads\/2025\/04\/FOTO-NOTICIES-WEB-4-15.jpg",400,200,false],"author_info":{"display_name":"Solidan\u00e7a","author_link":"https:\/\/solidanca.cat\/es\/author\/alberg\/"},"comment_info":0,"category_info":[{"term_id":761,"name":"MEDIO AMBIENTE","slug":"medio-ambiente","term_group":0,"term_taxonomy_id":761,"taxonomy":"category","description":"","parent":0,"count":263,"filter":"raw","cat_ID":761,"category_count":263,"category_description":"","cat_name":"MEDIO AMBIENTE","category_nicename":"medio-ambiente","category_parent":0},{"term_id":765,"name":"Roba Amiga","slug":"roba-amiga-2","term_group":0,"term_taxonomy_id":765,"taxonomy":"category","description":"","parent":0,"count":46,"filter":"raw","cat_ID":765,"category_count":46,"category_description":"","cat_name":"Roba Amiga","category_nicename":"roba-amiga-2","category_parent":0},{"term_id":756,"name":"Tiendas","slug":"tiendas","term_group":0,"term_taxonomy_id":756,"taxonomy":"category","description":"","parent":0,"count":60,"filter":"raw","cat_ID":756,"category_count":60,"category_description":"","cat_name":"Tiendas","category_nicename":"tiendas","category_parent":0}],"tag_info":false,"uagb_featured_image_src":{"full":["https:\/\/solidanca.cat\/wp-content\/uploads\/2025\/04\/FOTO-NOTICIES-WEB-4-15.jpg",400,200,false],"thumbnail":["https:\/\/solidanca.cat\/wp-content\/uploads\/2025\/04\/FOTO-NOTICIES-WEB-4-15-150x150.jpg",150,150,true],"medium":["https:\/\/solidanca.cat\/wp-content\/uploads\/2025\/04\/FOTO-NOTICIES-WEB-4-15-300x150.jpg",300,150,true],"medium_large":["https:\/\/solidanca.cat\/wp-content\/uploads\/2025\/04\/FOTO-NOTICIES-WEB-4-15.jpg",400,200,false],"large":["https:\/\/solidanca.cat\/wp-content\/uploads\/2025\/04\/FOTO-NOTICIES-WEB-4-15.jpg",400,200,false],"1536x1536":["https:\/\/solidanca.cat\/wp-content\/uploads\/2025\/04\/FOTO-NOTICIES-WEB-4-15.jpg",400,200,false],"2048x2048":["https:\/\/solidanca.cat\/wp-content\/uploads\/2025\/04\/FOTO-NOTICIES-WEB-4-15.jpg",400,200,false]},"uagb_author_info":{"display_name":"Solidan\u00e7a","author_link":"https:\/\/solidanca.cat\/es\/author\/alberg\/"},"uagb_comment_info":0,"uagb_excerpt":"Hoy 10 de abril de 2024, hemos inaugurado la nueva tienda Roba Amiga en Banyoles, con la presencia de la direcci\u00f3n...","_links":{"self":[{"href":"https:\/\/solidanca.cat\/es\/wp-json\/wp\/v2\/posts\/8607","targetHints":{"allow":["GET"]}}],"collection":[{"href":"https:\/\/solidanca.cat\/es\/wp-json\/wp\/v2\/posts"}],"about":[{"href":"https:\/\/solidanca.cat\/es\/wp-json\/wp\/v2\/types\/post"}],"author":[{"embeddable":true,"href":"https:\/\/solidanca.cat\/es\/wp-json\/wp\/v2\/users\/2"}],"replies":[{"embeddable":true,"href":"https:\/\/solidanca.cat\/es\/wp-json\/wp\/v2\/comments?post=8607"}],"version-history":[{"count":1,"href":"https:\/\/solidanca.cat\/es\/wp-json\/wp\/v2\/posts\/8607\/revisions"}],"predecessor-version":[{"id":8769,"href":"https:\/\/solidanca.cat\/es\/wp-json\/wp\/v2\/posts\/8607\/revisions\/8769"}],"wp:featuredmedia":[{"embeddable":true,"href":"https:\/\/solidanca.cat\/es\/wp-json\/wp\/v2\/media\/7162"}],"wp:attachment":[{"href":"https:\/\/solidanca.cat\/es\/wp-json\/wp\/v2\/media?parent=8607"}],"wp:term":[{"taxonomy":"category","embeddable":true,"href":"https:\/\/solidanca.cat\/es\/wp-json\/wp\/v2\/categories?post=8607"},{"taxonomy":"post_tag","embeddable":true,"href":"https:\/\/solidanca.cat\/es\/wp-json\/wp\/v2\/tags?post=8607"}],"curies":[{"name":"wp","href":"https:\/\/api.w.org\/{rel}","templated":true}]}}