{"id":8613,"date":"2024-04-22T08:18:00","date_gmt":"2024-04-22T06:18:00","guid":{"rendered":"https:\/\/solidanca.con2webs.es\/celebramos-un-dia-sostenible-este-sant-jordi\/"},"modified":"2025-04-02T13:25:48","modified_gmt":"2025-04-02T11:25:48","slug":"celebramos-un-dia-sostenible-este-sant-jordi","status":"publish","type":"post","link":"https:\/\/solidanca.cat\/es\/celebramos-un-dia-sostenible-este-sant-jordi\/","title":{"rendered":"\u00a1Celebramos un d\u00eda sostenible este Sant Jordi!"},"content":{"rendered":"\n<p>Ma\u00f1ana es Sant Jordi, la fiesta de la rosa y el libro m\u00e1s bonita y tradicional que se celebra en Catalu\u00f1a. Esta Diada es considerada tambi\u00e9n una gran fiesta del libro en la que los autores viajan a las ciudades y pueblos a firmar sus libros. Aparte, seg\u00fan fuentes oficiales, m\u00e1s de 6 millones de rosas se regalan cada a\u00f1o a Sant Jordi y es que todo el mundo quiere participar de esta fiesta marcada a fuego en el calendario.<\/p>\n\n\n\n<p>Con estas cifras de consumo, no es de extra\u00f1ar que el d\u00eda de <strong>Sant Jordi tambi\u00e9n deje una importante huella sobre el Planeta. <\/strong>Por eso desde Solidan\u00e7a queremos hacer unas <strong>recomendaciones<\/strong> a la hora de adquirir las rosas para<strong> disfrutar de esta Diada sin que la fiesta la pague el medio ambiente.<\/strong><\/p>\n\n\n\n<ul class=\"wp-block-list\">\n<li>Huimos de las compras impulsivas. Planificar qu\u00e9 comprar y al que regalamos.<\/li>\n\n\n\n<li>Preferir las rosas de producci\u00f3n local y el sello de sostenibilidad. En Catalu\u00f1a existe un sello de \u00abCircuito corto\u00bb de la @gencat. S\u00f3lo el 4% de las rosas que se venden por Sant Jordi provienen de Catalu\u00f1a.<\/li>\n\n\n\n<li>Si las rosas son de importaci\u00f3n, aseg\u00farese de que tienen certificaci\u00f3n \u00abGreen Label\u00bb que indica que se han utilizado m\u00e9todos agr\u00edcolas sostenibles y son responsables sociales y medioambientalmente.<\/li>\n\n\n\n<li>Rechazar las envolturas y cintas de pl\u00e1stico.<\/li>\n\n\n\n<li>Participar de talleres de <a href=\"http:\/\/cerclezero.cat\" target=\"_blank\" rel=\"noopener\">Cercle Zero<\/a> donde podr\u00e1 hacer rosas con materiales reciclados.<\/li>\n<\/ul>\n\n\n\n<p>Los<strong> libros<\/strong> es otro tema. Los autores y autoras aprovechan esta fiesta para presentar las novedades y las calles se llenan de editoriales dispuestas a vender un mont\u00f3n de libros.<\/p>\n\n\n\n<p>A la hora de escoger libros est\u00e1 bien hacerlo por el contenido y siempre es bueno escoger tem\u00e1ticas medioambientales, pero tambi\u00e9n hay editoriales que miran por el Planeta a la hora de imprimir y distribuir los libros. Antes de comprar el libro consulta los <strong>c\u00f3digos \u00e9ticos y medioambientales de las editoriales y aseg\u00farate de:<\/strong><\/p>\n\n\n\n<ul class=\"wp-block-list\">\n<li>Que los libros est\u00e9n impresos con papel proveniente de bosques sostenibles y tener la certeza de que el papel que se utiliza es certificado y no pierde la trazabilidad.<\/li>\n\n\n\n<li>Si est\u00e1 impreso localmente, nos aseguramos que las tintas usadas cumplen con la normativa europea que proh\u00edbe el uso de tintas cancer\u00edgenas, mutag\u00e9nicas y t\u00f3xicas. Aseg\u00farate de que las tintas sean de origen mineral y vegetal.<\/li>\n\n\n\n<li>Que la editorial contribuya con la econom\u00eda local y la mejora social cercano a las imprentas.<\/li>\n\n\n\n<li>Que reduzcan el uso de pl\u00e1sticos o, al menos, que tengan planes para sustituir a los pl\u00e1sticos por films compostables y biodegradables.<\/li>\n\n\n\n<li>Que hagan uso de materiales reciclados por la producci\u00f3n de los libros.<\/li>\n<\/ul>\n\n\n\n<p>Disfruta del Sant Jordi de una forma m\u00e1s consciente y sostenible.<\/p>\n\n\n\n<p>Feliz Sant Jordi!<\/p>\n\n\n\n<p><\/p>\n","protected":false},"excerpt":{"rendered":"<p>Ma\u00f1ana es Sant Jordi, la fiesta de la rosa y el libro m\u00e1s bonita y tradicional que se celebra en Catalu\u00f1a&#8230;.<\/p>\n","protected":false},"author":2,"featured_media":7182,"comment_status":"open","ping_status":"closed","sticky":false,"template":"","format":"standard","meta":{"_uag_custom_page_level_css":"","_kad_blocks_custom_css":"","_kad_blocks_head_custom_js":"","_kad_blocks_body_custom_js":"","_kad_blocks_footer_custom_js":"","_kad_post_transparent":"","_kad_post_title":"","_kad_post_layout":"","_kad_post_sidebar_id":"","_kad_post_content_style":"","_kad_post_vertical_padding":"","_kad_post_feature":"","_kad_post_feature_position":"","_kad_post_header":false,"_kad_post_footer":false,"_kad_post_classname":"","footnotes":""},"categories":[761,8],"tags":[],"class_list":["post-8613","post","type-post","status-publish","format-standard","has-post-thumbnail","hentry","category-medio-ambiente","category-sin-categorizar"],"taxonomy_info":{"category":[{"value":761,"label":"MEDIO AMBIENTE"},{"value":8,"label":"Sin categorizar"}]},"featured_image_src_large":["https:\/\/solidanca.cat\/wp-content\/uploads\/2025\/04\/sant_jordi_ecologista-3.jpg",690,404,false],"author_info":{"display_name":"Solidan\u00e7a","author_link":"https:\/\/solidanca.cat\/es\/author\/alberg\/"},"comment_info":0,"category_info":[{"term_id":761,"name":"MEDIO AMBIENTE","slug":"medio-ambiente","term_group":0,"term_taxonomy_id":761,"taxonomy":"category","description":"","parent":0,"count":263,"filter":"raw","cat_ID":761,"category_count":263,"category_description":"","cat_name":"MEDIO AMBIENTE","category_nicename":"medio-ambiente","category_parent":0},{"term_id":8,"name":"Sin categorizar","slug":"sin-categorizar","term_group":0,"term_taxonomy_id":8,"taxonomy":"category","description":"","parent":0,"count":199,"filter":"raw","cat_ID":8,"category_count":199,"category_description":"","cat_name":"Sin categorizar","category_nicename":"sin-categorizar","category_parent":0}],"tag_info":false,"uagb_featured_image_src":{"full":["https:\/\/solidanca.cat\/wp-content\/uploads\/2025\/04\/sant_jordi_ecologista-3.jpg",690,404,false],"thumbnail":["https:\/\/solidanca.cat\/wp-content\/uploads\/2025\/04\/sant_jordi_ecologista-3-150x150.jpg",150,150,true],"medium":["https:\/\/solidanca.cat\/wp-content\/uploads\/2025\/04\/sant_jordi_ecologista-3-300x176.jpg",300,176,true],"medium_large":["https:\/\/solidanca.cat\/wp-content\/uploads\/2025\/04\/sant_jordi_ecologista-3.jpg",690,404,false],"large":["https:\/\/solidanca.cat\/wp-content\/uploads\/2025\/04\/sant_jordi_ecologista-3.jpg",690,404,false],"1536x1536":["https:\/\/solidanca.cat\/wp-content\/uploads\/2025\/04\/sant_jordi_ecologista-3.jpg",690,404,false],"2048x2048":["https:\/\/solidanca.cat\/wp-content\/uploads\/2025\/04\/sant_jordi_ecologista-3.jpg",690,404,false]},"uagb_author_info":{"display_name":"Solidan\u00e7a","author_link":"https:\/\/solidanca.cat\/es\/author\/alberg\/"},"uagb_comment_info":0,"uagb_excerpt":"Ma\u00f1ana es Sant Jordi, la fiesta de la rosa y el libro m\u00e1s bonita y tradicional que se celebra en Catalu\u00f1a....","_links":{"self":[{"href":"https:\/\/solidanca.cat\/es\/wp-json\/wp\/v2\/posts\/8613","targetHints":{"allow":["GET"]}}],"collection":[{"href":"https:\/\/solidanca.cat\/es\/wp-json\/wp\/v2\/posts"}],"about":[{"href":"https:\/\/solidanca.cat\/es\/wp-json\/wp\/v2\/types\/post"}],"author":[{"embeddable":true,"href":"https:\/\/solidanca.cat\/es\/wp-json\/wp\/v2\/users\/2"}],"replies":[{"embeddable":true,"href":"https:\/\/solidanca.cat\/es\/wp-json\/wp\/v2\/comments?post=8613"}],"version-history":[{"count":1,"href":"https:\/\/solidanca.cat\/es\/wp-json\/wp\/v2\/posts\/8613\/revisions"}],"predecessor-version":[{"id":8772,"href":"https:\/\/solidanca.cat\/es\/wp-json\/wp\/v2\/posts\/8613\/revisions\/8772"}],"wp:featuredmedia":[{"embeddable":true,"href":"https:\/\/solidanca.cat\/es\/wp-json\/wp\/v2\/media\/7182"}],"wp:attachment":[{"href":"https:\/\/solidanca.cat\/es\/wp-json\/wp\/v2\/media?parent=8613"}],"wp:term":[{"taxonomy":"category","embeddable":true,"href":"https:\/\/solidanca.cat\/es\/wp-json\/wp\/v2\/categories?post=8613"},{"taxonomy":"post_tag","embeddable":true,"href":"https:\/\/solidanca.cat\/es\/wp-json\/wp\/v2\/tags?post=8613"}],"curies":[{"name":"wp","href":"https:\/\/api.w.org\/{rel}","templated":true}]}}