{"id":8615,"date":"2024-04-22T07:05:00","date_gmt":"2024-04-22T05:05:00","guid":{"rendered":"https:\/\/solidanca.con2webs.es\/empezamos-el-proyecto-conduciendo-a-la-insercion-iniciativa-para-cofinanciar-el-carnet-de-conducir-a-personas-en-itinerario-de-insercion\/"},"modified":"2025-04-02T13:25:48","modified_gmt":"2025-04-02T11:25:48","slug":"empezamos-el-proyecto-conduciendo-a-la-insercion-iniciativa-para-cofinanciar-el-carnet-de-conducir-a-personas-en-itinerario-de-insercion","status":"publish","type":"post","link":"https:\/\/solidanca.cat\/es\/empezamos-el-proyecto-conduciendo-a-la-insercion-iniciativa-para-cofinanciar-el-carnet-de-conducir-a-personas-en-itinerario-de-insercion\/","title":{"rendered":"Empezamos el proyecto Conduciendo a la inserci\u00f3n, iniciativa para cofinanciar el carnet de conducir a personas en itinerario de inserci\u00f3n"},"content":{"rendered":"\n<p>Este 2024, hemos decidido poner en marcha el proyecto <strong>&#8216;Conduciendo a la Inserci\u00f3n&#8217;,<\/strong> una iniciativa que consta de la mejora de un <strong>dispositivo de acompa\u00f1amiento y formaci\u00f3n <\/strong>para personas que est\u00e1n realizando un itinerario de Empresa de Inserci\u00f3n Solidan\u00e7a Treball, ya que se encuentran en una situaci\u00f3n de riesgo de exclusi\u00f3n social, especialmente mujeres y j\u00f3venes. Es as\u00ed que, como rasgo innovador, se ofrece la posibilidad de obtener una beca para <strong>cofinanciar el curso del carn\u00e9 de conducir tipo B.<\/strong><\/p>\n\n\n\n<p>El objetivo principal es mejorar la empleabilidad de las personas beneficiarias a trav\u00e9s de itinerarios de inserci\u00f3n sociolaboral dentro de la empresa Solidan\u00e7a Treball EI, SL. El colectivo al que se enfoca el proyecto son las personas en situaci\u00f3n de riesgo de exclusi\u00f3n social derivadas de Servicios Sociales.<\/p>\n\n\n\n<p>Uno de los factores que disminuye el nivel de empleabilidad a la hora de encontrar trabajo en la comarca del Baix\u00a0Llobregat es no disponer del carn\u00e9 de conducir tipo B (por ejemplo, para poder acceder a zonas\u00a0industriales). Este proyecto se propone para dotar a las personas en paro, priorizando a personas de la comarca, de una beca que permita la obtenci\u00f3n de este carnet y mejorar este factor de incidencia.<\/p>\n\n\n\n<p>Adem\u00e1s, se pretende mejorar la respuesta que ya da Solidan\u00e7a al fen\u00f3meno de la exclusi\u00f3n social que se define por la acumulaci\u00f3n de factores y d\u00e9ficits sociales que se interrelacionan y se retroalimentan como la pobreza, el paro, la precariedad, la discapacidad, la enfermedad, el acceso restringido a prestaciones sociales, la educaci\u00f3n, el acceso al sistema sanitario, la brecha digital, d\u00e9ficits de participaci\u00f3n social, etc.<\/p>\n\n\n\n<p>Conduciendo a la Inserci\u00f3n da nuevas herramientas de innovaci\u00f3n social y respuestas a las personas que est\u00e1n en situaci\u00f3n de riesgo de exclusi\u00f3n social con la mejora de los itinerarios de inserci\u00f3n sociolaboral. En paralelo, se lucha contra la brecha digital y las desigualdades de g\u00e9nero y facilita herramientas, a trav\u00e9s de la formaci\u00f3n, para entender y conocer el mercado de trabajo y saber c\u00f3mo afrontarlo.<\/p>\n\n\n\n<p>Las personas beneficiarias del proyecto recibir\u00e1n tambi\u00e9n formaci\u00f3n en t\u00e9cnicas de b\u00fasqueda de trabajo, procesos de selecci\u00f3n y entrevista, as\u00ed como objetivos profesionales, formaci\u00f3n grupal en TIC, grupo de conversaci\u00f3n y CTs.<\/p>\n<p>&nbsp;<\/p>\n","protected":false},"excerpt":{"rendered":"<p>Este 2024, hemos decidido poner en marcha el proyecto &#8216;Conduciendo a la Inserci\u00f3n&#8217;, una iniciativa que consta de la mejora de&#8230;<\/p>\n","protected":false},"author":2,"featured_media":7185,"comment_status":"open","ping_status":"closed","sticky":false,"template":"","format":"standard","meta":{"_uag_custom_page_level_css":"","_kad_blocks_custom_css":"","_kad_blocks_head_custom_js":"","_kad_blocks_body_custom_js":"","_kad_blocks_footer_custom_js":"","_kad_post_transparent":"","_kad_post_title":"","_kad_post_layout":"","_kad_post_sidebar_id":"","_kad_post_content_style":"","_kad_post_vertical_padding":"","_kad_post_feature":"","_kad_post_feature_position":"","_kad_post_header":false,"_kad_post_footer":false,"_kad_post_classname":"","footnotes":""},"categories":[763,761],"tags":[],"class_list":["post-8615","post","type-post","status-publish","format-standard","has-post-thumbnail","hentry","category-area-social-es","category-medio-ambiente"],"taxonomy_info":{"category":[{"value":763,"label":"Area Social"},{"value":761,"label":"MEDIO AMBIENTE"}]},"featured_image_src_large":["https:\/\/solidanca.cat\/wp-content\/uploads\/2025\/04\/FOTO-NOTICIES-WEB-2024-04-18T130425.309-3.jpg",800,400,false],"author_info":{"display_name":"Solidan\u00e7a","author_link":"https:\/\/solidanca.cat\/es\/author\/alberg\/"},"comment_info":0,"category_info":[{"term_id":763,"name":"Area Social","slug":"area-social-es","term_group":0,"term_taxonomy_id":763,"taxonomy":"category","description":"","parent":0,"count":208,"filter":"raw","cat_ID":763,"category_count":208,"category_description":"","cat_name":"Area Social","category_nicename":"area-social-es","category_parent":0},{"term_id":761,"name":"MEDIO AMBIENTE","slug":"medio-ambiente","term_group":0,"term_taxonomy_id":761,"taxonomy":"category","description":"","parent":0,"count":263,"filter":"raw","cat_ID":761,"category_count":263,"category_description":"","cat_name":"MEDIO AMBIENTE","category_nicename":"medio-ambiente","category_parent":0}],"tag_info":false,"uagb_featured_image_src":{"full":["https:\/\/solidanca.cat\/wp-content\/uploads\/2025\/04\/FOTO-NOTICIES-WEB-2024-04-18T130425.309-3.jpg",800,400,false],"thumbnail":["https:\/\/solidanca.cat\/wp-content\/uploads\/2025\/04\/FOTO-NOTICIES-WEB-2024-04-18T130425.309-3-150x150.jpg",150,150,true],"medium":["https:\/\/solidanca.cat\/wp-content\/uploads\/2025\/04\/FOTO-NOTICIES-WEB-2024-04-18T130425.309-3-300x150.jpg",300,150,true],"medium_large":["https:\/\/solidanca.cat\/wp-content\/uploads\/2025\/04\/FOTO-NOTICIES-WEB-2024-04-18T130425.309-3-768x384.jpg",768,384,true],"large":["https:\/\/solidanca.cat\/wp-content\/uploads\/2025\/04\/FOTO-NOTICIES-WEB-2024-04-18T130425.309-3.jpg",800,400,false],"1536x1536":["https:\/\/solidanca.cat\/wp-content\/uploads\/2025\/04\/FOTO-NOTICIES-WEB-2024-04-18T130425.309-3.jpg",800,400,false],"2048x2048":["https:\/\/solidanca.cat\/wp-content\/uploads\/2025\/04\/FOTO-NOTICIES-WEB-2024-04-18T130425.309-3.jpg",800,400,false]},"uagb_author_info":{"display_name":"Solidan\u00e7a","author_link":"https:\/\/solidanca.cat\/es\/author\/alberg\/"},"uagb_comment_info":0,"uagb_excerpt":"Este 2024, hemos decidido poner en marcha el proyecto &#8216;Conduciendo a la Inserci\u00f3n&#8217;, una iniciativa que consta de la mejora de...","_links":{"self":[{"href":"https:\/\/solidanca.cat\/es\/wp-json\/wp\/v2\/posts\/8615","targetHints":{"allow":["GET"]}}],"collection":[{"href":"https:\/\/solidanca.cat\/es\/wp-json\/wp\/v2\/posts"}],"about":[{"href":"https:\/\/solidanca.cat\/es\/wp-json\/wp\/v2\/types\/post"}],"author":[{"embeddable":true,"href":"https:\/\/solidanca.cat\/es\/wp-json\/wp\/v2\/users\/2"}],"replies":[{"embeddable":true,"href":"https:\/\/solidanca.cat\/es\/wp-json\/wp\/v2\/comments?post=8615"}],"version-history":[{"count":1,"href":"https:\/\/solidanca.cat\/es\/wp-json\/wp\/v2\/posts\/8615\/revisions"}],"predecessor-version":[{"id":8771,"href":"https:\/\/solidanca.cat\/es\/wp-json\/wp\/v2\/posts\/8615\/revisions\/8771"}],"wp:featuredmedia":[{"embeddable":true,"href":"https:\/\/solidanca.cat\/es\/wp-json\/wp\/v2\/media\/7185"}],"wp:attachment":[{"href":"https:\/\/solidanca.cat\/es\/wp-json\/wp\/v2\/media?parent=8615"}],"wp:term":[{"taxonomy":"category","embeddable":true,"href":"https:\/\/solidanca.cat\/es\/wp-json\/wp\/v2\/categories?post=8615"},{"taxonomy":"post_tag","embeddable":true,"href":"https:\/\/solidanca.cat\/es\/wp-json\/wp\/v2\/tags?post=8615"}],"curies":[{"name":"wp","href":"https:\/\/api.w.org\/{rel}","templated":true}]}}