{"id":8634,"date":"2024-05-09T07:42:40","date_gmt":"2024-05-09T05:42:40","guid":{"rendered":"https:\/\/solidanca.con2webs.es\/conoce-las-formaciones-que-tenemos-activas-para-las-personas-trabajadoras-de-solidanca\/"},"modified":"2024-05-09T07:43:28","modified_gmt":"2024-05-09T05:43:28","slug":"conoce-las-formaciones-que-tenemos-activas-para-las-personas-trabajadoras-de-solidanca","status":"publish","type":"post","link":"https:\/\/solidanca.cat\/es\/conoce-las-formaciones-que-tenemos-activas-para-las-personas-trabajadoras-de-solidanca\/","title":{"rendered":"Conoce las formaciones que tenemos activas para las personas trabajadoras de Solidan\u00e7a"},"content":{"rendered":"<p>En Solidan\u00e7a creemos en la <strong>formaci\u00f3n continuada de nuestra plantilla<\/strong>, como parte de la mejora de la competitividad as\u00ed como la mejora de las competencias de las personas trabajadores, y es por este objetivo que nos han concedido el<strong> Programa Conforcat A Mida.<\/strong><\/p>\n<p>Conforcat A Mida es un Programa para la Formaci\u00f3n continua para Personas Trabajadores Ocupadas- dentro del \u201cPlan de Recuperaci\u00f3n, Transformaci\u00f3n y Resiliencia \u2013 financiados con Fondos NextGenerationEU por el Consorcio para la Formaci\u00f3n Continua de Catalu\u00f1a.<\/p>\n<p>Este Programa nos permite la realizaci\u00f3n de <strong>formaciones para la mejora de las competencias t\u00e9cnico-profesionales (<\/strong>como por ejemplo Digitalizaci\u00f3n y TICS) y por la <strong>mejora de habilidades-competencias Transversales<\/strong> (como por ejemplo Trabajo en Equipo y Habilidades de comunicaci\u00f3n) durante el 2024.<\/p>\n<h4><strong>FORMACIONES ACTIVAS<\/strong><\/h4>\n<ul>\n<li>\n<h5><strong>Formaci\u00f3n de Ofim\u00e1tica B\u00e1sica<\/strong><\/h5>\n<\/li>\n<\/ul>\n<p>Iniciamos esta formaci\u00f3n de<strong> 30h<\/strong> que tendr\u00e1 una duraci\u00f3n de 10 sesiones.<\/p>\n<p>D\u00eda de inicio:<strong> 21\/05\/2024<\/strong><\/p>\n<p>Horario: <strong>14 a 17h<\/strong> de lunes a jueves<\/p>\n<p>Colectivo al que va dirigido: Personal Trabajador de Solidanza preferiblemente en las \u00c1reas de Log\u00edstica-Recogidas y el \u00c1rea de Producci\u00f3n-Ventas.<\/p>\n<h4><strong>Para INSCRIBIRSE es necesario enviar un correo a silvia.caroz@solidanca.cat<\/strong><\/h4>\n<h5><em><strong>*INSCRIPCIONES ABIERTAS \u00daNICAMENTE PARA PERSONAL DE SOLIDAN\u00c7A<\/strong><\/em><\/h5>\n<p><span data-ccp-props=\"{&quot;134233117&quot;:false,&quot;134233118&quot;:false,&quot;201341983&quot;:0,&quot;335551550&quot;:0,&quot;335551620&quot;:0,&quot;335557856&quot;:16777215,&quot;335559738&quot;:0,&quot;335559739&quot;:0,&quot;335559740&quot;:279}\"><img decoding=\"async\" src=\"https:\/\/solidanca.cat\/wp-content\/uploads\/2024\/01\/MicrosoftTeams-image-9-1024x55.png\" \/><\/span><\/p>\n","protected":false},"excerpt":{"rendered":"<p>En Solidan\u00e7a creemos en la formaci\u00f3n continuada de nuestra plantilla, como parte de la mejora de la competitividad as\u00ed como la&#8230;<\/p>\n","protected":false},"author":2,"featured_media":7229,"comment_status":"open","ping_status":"closed","sticky":false,"template":"","format":"standard","meta":{"_uag_custom_page_level_css":"","_kad_blocks_custom_css":"","_kad_blocks_head_custom_js":"","_kad_blocks_body_custom_js":"","_kad_blocks_footer_custom_js":"","_kad_post_transparent":"","_kad_post_title":"","_kad_post_layout":"","_kad_post_sidebar_id":"","_kad_post_content_style":"","_kad_post_vertical_padding":"","_kad_post_feature":"","_kad_post_feature_position":"","_kad_post_header":false,"_kad_post_footer":false,"_kad_post_classname":"","footnotes":""},"categories":[758,8],"tags":[],"class_list":["post-8634","post","type-post","status-publish","format-standard","has-post-thumbnail","hentry","category-formacion","category-sin-categorizar"],"taxonomy_info":{"category":[{"value":758,"label":"Formaci\u00f3n"},{"value":8,"label":"Sin categorizar"}]},"featured_image_src_large":["https:\/\/solidanca.cat\/wp-content\/uploads\/2025\/04\/FOTO-NOTICIES-WEB-2024-05-09T093639.667-3.jpg",800,400,false],"author_info":{"display_name":"Solidan\u00e7a","author_link":"https:\/\/solidanca.cat\/es\/author\/alberg\/"},"comment_info":0,"category_info":[{"term_id":758,"name":"Formaci\u00f3n","slug":"formacion","term_group":0,"term_taxonomy_id":758,"taxonomy":"category","description":"","parent":0,"count":107,"filter":"raw","cat_ID":758,"category_count":107,"category_description":"","cat_name":"Formaci\u00f3n","category_nicename":"formacion","category_parent":0},{"term_id":8,"name":"Sin categorizar","slug":"sin-categorizar","term_group":0,"term_taxonomy_id":8,"taxonomy":"category","description":"","parent":0,"count":199,"filter":"raw","cat_ID":8,"category_count":199,"category_description":"","cat_name":"Sin categorizar","category_nicename":"sin-categorizar","category_parent":0}],"tag_info":false,"uagb_featured_image_src":{"full":["https:\/\/solidanca.cat\/wp-content\/uploads\/2025\/04\/FOTO-NOTICIES-WEB-2024-05-09T093639.667-3.jpg",800,400,false],"thumbnail":["https:\/\/solidanca.cat\/wp-content\/uploads\/2025\/04\/FOTO-NOTICIES-WEB-2024-05-09T093639.667-3-150x150.jpg",150,150,true],"medium":["https:\/\/solidanca.cat\/wp-content\/uploads\/2025\/04\/FOTO-NOTICIES-WEB-2024-05-09T093639.667-3-300x150.jpg",300,150,true],"medium_large":["https:\/\/solidanca.cat\/wp-content\/uploads\/2025\/04\/FOTO-NOTICIES-WEB-2024-05-09T093639.667-3-768x384.jpg",768,384,true],"large":["https:\/\/solidanca.cat\/wp-content\/uploads\/2025\/04\/FOTO-NOTICIES-WEB-2024-05-09T093639.667-3.jpg",800,400,false],"1536x1536":["https:\/\/solidanca.cat\/wp-content\/uploads\/2025\/04\/FOTO-NOTICIES-WEB-2024-05-09T093639.667-3.jpg",800,400,false],"2048x2048":["https:\/\/solidanca.cat\/wp-content\/uploads\/2025\/04\/FOTO-NOTICIES-WEB-2024-05-09T093639.667-3.jpg",800,400,false]},"uagb_author_info":{"display_name":"Solidan\u00e7a","author_link":"https:\/\/solidanca.cat\/es\/author\/alberg\/"},"uagb_comment_info":0,"uagb_excerpt":"En Solidan\u00e7a creemos en la formaci\u00f3n continuada de nuestra plantilla, como parte de la mejora de la competitividad as\u00ed como la...","_links":{"self":[{"href":"https:\/\/solidanca.cat\/es\/wp-json\/wp\/v2\/posts\/8634","targetHints":{"allow":["GET"]}}],"collection":[{"href":"https:\/\/solidanca.cat\/es\/wp-json\/wp\/v2\/posts"}],"about":[{"href":"https:\/\/solidanca.cat\/es\/wp-json\/wp\/v2\/types\/post"}],"author":[{"embeddable":true,"href":"https:\/\/solidanca.cat\/es\/wp-json\/wp\/v2\/users\/2"}],"replies":[{"embeddable":true,"href":"https:\/\/solidanca.cat\/es\/wp-json\/wp\/v2\/comments?post=8634"}],"version-history":[{"count":0,"href":"https:\/\/solidanca.cat\/es\/wp-json\/wp\/v2\/posts\/8634\/revisions"}],"wp:featuredmedia":[{"embeddable":true,"href":"https:\/\/solidanca.cat\/es\/wp-json\/wp\/v2\/media\/7229"}],"wp:attachment":[{"href":"https:\/\/solidanca.cat\/es\/wp-json\/wp\/v2\/media?parent=8634"}],"wp:term":[{"taxonomy":"category","embeddable":true,"href":"https:\/\/solidanca.cat\/es\/wp-json\/wp\/v2\/categories?post=8634"},{"taxonomy":"post_tag","embeddable":true,"href":"https:\/\/solidanca.cat\/es\/wp-json\/wp\/v2\/tags?post=8634"}],"curies":[{"name":"wp","href":"https:\/\/api.w.org\/{rel}","templated":true}]}}