{"id":8635,"date":"2024-05-16T07:48:39","date_gmt":"2024-05-16T05:48:39","guid":{"rendered":"https:\/\/solidanca.con2webs.es\/celebramos-el-primer-aniversario-de-circular-la-tienda-vintage-de-solidanca\/"},"modified":"2024-05-16T07:46:27","modified_gmt":"2024-05-16T05:46:27","slug":"celebramos-el-primer-aniversario-de-circular-la-tienda-vintage-de-solidanca","status":"publish","type":"post","link":"https:\/\/solidanca.cat\/es\/celebramos-el-primer-aniversario-de-circular-la-tienda-vintage-de-solidanca\/","title":{"rendered":"Celebramos el primer aniversario de CIRCULAR, la tienda vintage de Solidan\u00e7a"},"content":{"rendered":"<p><strong>Hace un a\u00f1o que inauguramos Circular, el nuevo concepto de tienda<\/strong> enfocada a la venta de <strong>productos de segunda mano con valor social especializados en vintage<\/strong>. Estamos satisfechas de haber incorporado Circular con \u00e9xito a la red de tiendas de Solidan\u00e7a\u00a0\/ Ropa Amiga, fomentando as\u00ed el consumo responsable, \u00e9tico y sostenible y la econom\u00eda CIRCULAR con valor social.<\/p>\n<p>La tienda Circular disfruta de dos formatos: un <strong>punto de venta f\u00edsico como tienda vintage<\/strong> en el centro de Barcelona (C\/Tallers, 21), y como <strong>plataforma web para la venta de productos online (<a href=\"http:\/\/www.circularsecondhand.org\" target=\"_blank\" rel=\"noopener\">www.circularsecondhand.org<\/a>).<\/strong><\/p>\n<p>Con la voluntad de hacer nuestros productos m\u00e1s accesibles, hace un a\u00f1o que nos adentramos en el mundo digital, con <a href=\"http:\/\/circularsecondhand.org\" target=\"_blank\" rel=\"noopener\"><strong>CIRCULAR online<\/strong><\/a>, para que est\u00e9s donde est\u00e9s, puedas disfrutar de las ventajas de una moda \u00e9tica y sostenible, con valor social ya precios asequibles.<\/p>\n<p><img loading=\"lazy\" decoding=\"async\" class=\"wp-image-37863 alignleft\" style=\"color: #0000ee;\" src=\"https:\/\/solidanca.cat\/wp-content\/uploads\/2024\/05\/IMG_3242-768x1024-1.jpeg\" alt=\"\" width=\"250\" height=\"333\" \/><\/p>\n<p>Circular ha llegado para instaurarse como un comercio distinto; con la exclusividad de la <strong>moda vintage<\/strong>, pero sin alejarse de la esencia de nuestras tiendas de segunda mano Solidan\u00e7a \/ Roba Amiga.<br \/>\nEn\u00a0Circular\u00a0tenemos <strong>piezas \u00fanicas, de estilo vintage, que cuidan y respetan el medio ambiente y promueven la creaci\u00f3n de puestos de trabajo<\/strong> para personas en situaci\u00f3n de vulnerabilidad social.<\/p>\n<p><a href=\"http:\/\/circularsecondhand.org\" target=\"_blank\" rel=\"noopener\"><img loading=\"lazy\" decoding=\"async\" class=\"alignleft  wp-image-37865\" src=\"https:\/\/solidanca.cat\/wp-content\/uploads\/2024\/05\/Capturaghh.jpg\" alt=\"\" width=\"521\" height=\"209\" \/><\/a><\/p>\n<p>&nbsp;<\/p>\n<p>&nbsp;<\/p>\n<p>&nbsp;<\/p>\n<p>&nbsp;<\/p>\n<p>&nbsp;<\/p>\n<p>&nbsp;<\/p>\n<p>&nbsp;<\/p>\n<p>&nbsp;<\/p>\n<h5><strong>CIRCULAR, moda con valor social y ambiental<\/strong><\/h5>\n<p>Ofrecemos una moda de segunda mano sostenible y consciente con el medio ambiente y las personas. A trav\u00e9s del aprovechamiento, reutilizaci\u00f3n y revalorizaci\u00f3n del residuo textil ponemos a la venta ropa con un doble impacto positivo: ambiental y social.<\/p>\n<p>&nbsp;<\/p>\n<p><strong><a href=\"https:\/\/solidanca.cat\/wp-content\/uploads\/2024\/05\/23.03.02-Solidanca-232-2O3A2868-scaled.jpg\"><img loading=\"lazy\" decoding=\"async\" class=\"wp-image-37507 alignright\" src=\"https:\/\/solidanca.cat\/wp-content\/uploads\/2024\/05\/23.03.02-Solidanca-232-2O3A2868-scaled.jpg\" alt=\"\" width=\"337\" height=\"224\" \/><\/a>Valor ambiental<\/strong><\/p>\n<p>Por un lado, la gesti\u00f3n de este residuo permite la recogida anual de m\u00e1s de <strong>7.694 toneladas de ropa<\/strong> evitando la emisi\u00f3n de m\u00e1s de <strong>59.981 toneladas de CO\u2082<\/strong> a la atm\u00f3sfera. *Datos de impacto de 2023.<\/p>\n<p>As\u00ed pues, el hecho de poder gestionar el residuo textil y reutilizarlo tiene un doble beneficio ambiental: evitamos las emisiones del tratamiento finalista y tambi\u00e9n las emisiones de la producci\u00f3n y el transporte de nuevas prendas, as\u00ed como todas las materias primas necesarias para producirlas.<\/p>\n<p>&nbsp;<\/p>\n<p><strong>Valor social<\/strong><\/p>\n<p><a href=\"https:\/\/solidanca.cat\/wp-content\/uploads\/2024\/05\/23.03.02-Solidanca-036-1I6A0882-scaled.jpg\"><img loading=\"lazy\" decoding=\"async\" class=\" wp-image-37506 alignright\" src=\"https:\/\/solidanca.cat\/wp-content\/uploads\/2024\/05\/23.03.02-Solidanca-036-1I6A0882-scaled.jpg\" alt=\"\" width=\"344\" height=\"229\" \/><\/a><br \/>\nAl mismo tiempo, el proceso y el recorrido de valorizaci\u00f3n de la ropa permite la <strong>creaci\u00f3n de puestos de trabajo para personas en situaci\u00f3n de vulnerabilidad social<\/strong>, a trav\u00e9s de las Empresas de Inserci\u00f3n que gestionamos desde Solidan\u00e7a (Solidan\u00e7a Trabajo EI, SLU, ADAD &#8216;Encant Girona EI SLU, y Recumadrid EI SLU) dedicadas a la inserci\u00f3n sociolaboral mediante actividades vinculadas a la gesti\u00f3n integral de residuos y la econom\u00eda circular.<\/p>\n<p>Solidan\u00e7a ofrece un trabajo remunerado, adem\u00e1s del<strong> acompa\u00f1amiento, la intervenci\u00f3n social y la formaci\u00f3n<\/strong>, durante per\u00edodos de tiempo que van desde los 6 meses hasta los 3 a\u00f1os, con el objetivo de que las personas que participan se puedan insertar en el mercado laboral ordinario al finalizar el itinerario. Este<strong> itinerario de inserci\u00f3n sociolaboral<\/strong> es un proceso personalizado y hol\u00edstico, donde la formaci\u00f3n es clave, y est\u00e1 acompa\u00f1ado por un equipo de profesionales multidisciplinar con psic\u00f3logas, psicopedagogas y educadoras sociales.<\/p>\n<p>&nbsp;<\/p>\n<h5><strong>El ciclo de la ropa: \u00bfDe d\u00f3nde viene la ropa?<\/strong><\/h5>\n<p>El proceso de gesti\u00f3n del residuo textil con Solidan\u00e7a comienza con la <strong>recogida de ropa en los contenedores naranjas de Ropa Amiga<\/strong> gestionados por la entidad, que es trasladado a nuestra <strong>planta de Preparaci\u00f3n para la Reutilizaci\u00f3n de Sant Just Desvern (Barcelona)<\/strong> y pasa por un proceso clasificaci\u00f3n en funci\u00f3n del estado y la tipolog\u00eda de las piezas, prepar\u00e1ndolas para su reutilizaci\u00f3n y, en caso necesario, el reciclaje.<\/p>\n<p>Una vez seleccionadas, aquellas piezas aptas para una segunda vida, son distribuidas en la<strong> red de tiendas de Solidan\u00e7a\/ Roba Amiga, con 17 tiendas<\/strong> distribuidas por el territorio catal\u00e1n. Con la compra de estos productos, la ciudadan\u00eda contribuye a cerrar el c\u00edrculo de la econom\u00eda circular y el ciclo de la ropa, convirtiendo el residuo en recurso y evitando generar nuevos residuos textiles. En el caso de CIRCULAR, hacemos una selecci\u00f3n especializada en aquellas prendas de origen vintage, para contrastar con el textil que tenemos a la venta en las dem\u00e1s tiendas.<\/p>\n<h5><strong>Convertimos el residuo en recurso, hacemos econom\u00eda circular<\/strong><\/h5>\n<h4><\/h4>\n","protected":false},"excerpt":{"rendered":"<p>Hace un a\u00f1o que inauguramos Circular, el nuevo concepto de tienda enfocada a la venta de productos de segunda mano con&#8230;<\/p>\n","protected":false},"author":2,"featured_media":7232,"comment_status":"open","ping_status":"closed","sticky":false,"template":"","format":"standard","meta":{"_uag_custom_page_level_css":"","_kad_blocks_custom_css":"","_kad_blocks_head_custom_js":"","_kad_blocks_body_custom_js":"","_kad_blocks_footer_custom_js":"","_kad_post_transparent":"","_kad_post_title":"","_kad_post_layout":"","_kad_post_sidebar_id":"","_kad_post_content_style":"","_kad_post_vertical_padding":"","_kad_post_feature":"","_kad_post_feature_position":"","_kad_post_header":false,"_kad_post_footer":false,"_kad_post_classname":"","footnotes":""},"categories":[763,758,766,8,756],"tags":[],"class_list":["post-8635","post","type-post","status-publish","format-standard","has-post-thumbnail","hentry","category-area-social-es","category-formacion","category-medio-ambienteroba-amiga","category-sin-categorizar","category-tiendas"],"taxonomy_info":{"category":[{"value":763,"label":"Area Social"},{"value":758,"label":"Formaci\u00f3n"},{"value":766,"label":"Medio ambiente&gt;Roba Amiga"},{"value":8,"label":"Sin categorizar"},{"value":756,"label":"Tiendas"}]},"featured_image_src_large":["https:\/\/solidanca.cat\/wp-content\/uploads\/2025\/04\/FOTO-NOTICIES-WEB-2024-05-09T121603.439-3.jpg",800,400,false],"author_info":{"display_name":"Solidan\u00e7a","author_link":"https:\/\/solidanca.cat\/es\/author\/alberg\/"},"comment_info":0,"category_info":[{"term_id":763,"name":"Area Social","slug":"area-social-es","term_group":0,"term_taxonomy_id":763,"taxonomy":"category","description":"","parent":0,"count":208,"filter":"raw","cat_ID":763,"category_count":208,"category_description":"","cat_name":"Area Social","category_nicename":"area-social-es","category_parent":0},{"term_id":758,"name":"Formaci\u00f3n","slug":"formacion","term_group":0,"term_taxonomy_id":758,"taxonomy":"category","description":"","parent":0,"count":107,"filter":"raw","cat_ID":758,"category_count":107,"category_description":"","cat_name":"Formaci\u00f3n","category_nicename":"formacion","category_parent":0},{"term_id":766,"name":"Medio ambiente&gt;Roba Amiga","slug":"medio-ambienteroba-amiga","term_group":0,"term_taxonomy_id":766,"taxonomy":"category","description":"","parent":0,"count":61,"filter":"raw","cat_ID":766,"category_count":61,"category_description":"","cat_name":"Medio ambiente&gt;Roba Amiga","category_nicename":"medio-ambienteroba-amiga","category_parent":0},{"term_id":8,"name":"Sin categorizar","slug":"sin-categorizar","term_group":0,"term_taxonomy_id":8,"taxonomy":"category","description":"","parent":0,"count":199,"filter":"raw","cat_ID":8,"category_count":199,"category_description":"","cat_name":"Sin categorizar","category_nicename":"sin-categorizar","category_parent":0},{"term_id":756,"name":"Tiendas","slug":"tiendas","term_group":0,"term_taxonomy_id":756,"taxonomy":"category","description":"","parent":0,"count":60,"filter":"raw","cat_ID":756,"category_count":60,"category_description":"","cat_name":"Tiendas","category_nicename":"tiendas","category_parent":0}],"tag_info":false,"uagb_featured_image_src":{"full":["https:\/\/solidanca.cat\/wp-content\/uploads\/2025\/04\/FOTO-NOTICIES-WEB-2024-05-09T121603.439-3.jpg",800,400,false],"thumbnail":["https:\/\/solidanca.cat\/wp-content\/uploads\/2025\/04\/FOTO-NOTICIES-WEB-2024-05-09T121603.439-3-150x150.jpg",150,150,true],"medium":["https:\/\/solidanca.cat\/wp-content\/uploads\/2025\/04\/FOTO-NOTICIES-WEB-2024-05-09T121603.439-3-300x150.jpg",300,150,true],"medium_large":["https:\/\/solidanca.cat\/wp-content\/uploads\/2025\/04\/FOTO-NOTICIES-WEB-2024-05-09T121603.439-3-768x384.jpg",768,384,true],"large":["https:\/\/solidanca.cat\/wp-content\/uploads\/2025\/04\/FOTO-NOTICIES-WEB-2024-05-09T121603.439-3.jpg",800,400,false],"1536x1536":["https:\/\/solidanca.cat\/wp-content\/uploads\/2025\/04\/FOTO-NOTICIES-WEB-2024-05-09T121603.439-3.jpg",800,400,false],"2048x2048":["https:\/\/solidanca.cat\/wp-content\/uploads\/2025\/04\/FOTO-NOTICIES-WEB-2024-05-09T121603.439-3.jpg",800,400,false]},"uagb_author_info":{"display_name":"Solidan\u00e7a","author_link":"https:\/\/solidanca.cat\/es\/author\/alberg\/"},"uagb_comment_info":0,"uagb_excerpt":"Hace un a\u00f1o que inauguramos Circular, el nuevo concepto de tienda enfocada a la venta de productos de segunda mano con...","_links":{"self":[{"href":"https:\/\/solidanca.cat\/es\/wp-json\/wp\/v2\/posts\/8635","targetHints":{"allow":["GET"]}}],"collection":[{"href":"https:\/\/solidanca.cat\/es\/wp-json\/wp\/v2\/posts"}],"about":[{"href":"https:\/\/solidanca.cat\/es\/wp-json\/wp\/v2\/types\/post"}],"author":[{"embeddable":true,"href":"https:\/\/solidanca.cat\/es\/wp-json\/wp\/v2\/users\/2"}],"replies":[{"embeddable":true,"href":"https:\/\/solidanca.cat\/es\/wp-json\/wp\/v2\/comments?post=8635"}],"version-history":[{"count":0,"href":"https:\/\/solidanca.cat\/es\/wp-json\/wp\/v2\/posts\/8635\/revisions"}],"wp:featuredmedia":[{"embeddable":true,"href":"https:\/\/solidanca.cat\/es\/wp-json\/wp\/v2\/media\/7232"}],"wp:attachment":[{"href":"https:\/\/solidanca.cat\/es\/wp-json\/wp\/v2\/media?parent=8635"}],"wp:term":[{"taxonomy":"category","embeddable":true,"href":"https:\/\/solidanca.cat\/es\/wp-json\/wp\/v2\/categories?post=8635"},{"taxonomy":"post_tag","embeddable":true,"href":"https:\/\/solidanca.cat\/es\/wp-json\/wp\/v2\/tags?post=8635"}],"curies":[{"name":"wp","href":"https:\/\/api.w.org\/{rel}","templated":true}]}}