{"id":8643,"date":"2024-05-23T07:11:23","date_gmt":"2024-05-23T05:11:23","guid":{"rendered":"https:\/\/solidanca.con2webs.es\/participamos-en-la-jornada-innovar-a-traves-de-la-reparacion-con-nuestra-presencia-en-las-mesas-redondas\/"},"modified":"2024-05-23T07:10:58","modified_gmt":"2024-05-23T05:10:58","slug":"participamos-en-la-jornada-innovar-a-traves-de-la-reparacion-con-nuestra-presencia-en-las-mesas-redondas","status":"publish","type":"post","link":"https:\/\/solidanca.cat\/es\/participamos-en-la-jornada-innovar-a-traves-de-la-reparacion-con-nuestra-presencia-en-las-mesas-redondas\/","title":{"rendered":"Participamos en la Jornada &#8216;Innovar a trav\u00e9s de la reparaci\u00f3n&#8217; con nuestra presencia en las Mesas Redondas"},"content":{"rendered":"<p>Las<strong> actividades de reparaci\u00f3n<\/strong> juegan un papel primordial en la promoci\u00f3n de la econom\u00eda circular. Ante la actual emergencia clim\u00e1tica es <strong>necesario fomentar la reparaci\u00f3n,<\/strong> el reacondicionamiento y la remanufactura de bienes, de forma que se<strong> alargue su vida \u00fatil y se minimice el impacto<\/strong> de los residuos.<\/p>\n<p>Es con esta voluntad que el Consorcio de Comercio, Artesan\u00eda y Moda de Catalu\u00f1a (CCAM) y la Agencia de Residuos de Catalu\u00f1a (ARC) coorganizemos la<strong> jornada\u00a0Innovar a trav\u00e9s de la reparaci\u00f3n. Nuevas oportunidades para el comercio.\u2019<\/strong><\/p>\n<p>Durante la sesi\u00f3n hemos conocido las diferentes experiencias de servicios de reparaci\u00f3n, las <strong>oportunidades\u00a0que se abren para el comercio<\/strong> en este \u00e1mbito de actividad, y hemos debatido sobre c\u00f3mo superar los retos existentes a la hora de extenderla y hacer red para promover conjuntamente las actividades de reparaci\u00f3n.<\/p>\n<p><strong>Nati Yesares<\/strong> Dom\u00ednguez, responsable del Departamento de Medio Ambiente de Solidan\u00e7a, form\u00f3 parte de la <strong>Mesa redonda &#8216;Retos y oportunidades para el comercio&#8217;<\/strong>, moderada por la directora del Consorcio de Comercio, Artesan\u00eda y Moda de Catalu\u00f1a, Agn\u00e8s Russi\u00f1ol Amat, y con la participaci\u00f3n de Inma Mayol, directora del \u00c1rea de Ecolog\u00eda del AMB y Laia Carulla, directora de proyectos de Rezero.<\/p>\n<p>Durante la Mesa, compartimos nuestra experiencia en proyectos de reparaci\u00f3n como la<strong> Reparatruck y la Didaltruck<\/strong>, los servicios de autorreparaci\u00f3n itinerantes, entre otros talleres que llevamos a cabo en nuestro portal de prevenci\u00f3n de residuos, <strong>Cercle Zero<\/strong>. Tambi\u00e9n destacamos la actividad del <strong>taller del RAEE<\/strong>, un espacio dedicado a la preparaci\u00f3n para la reutilizaci\u00f3n y valoraci\u00f3n de Residuos de Aparatos El\u00e9ctricos y Electr\u00f3nicos.<\/p>\n<p>La Jornada tambi\u00e9n ha contado con la presentaci\u00f3n del estudio Activando la reparaci\u00f3n a trav\u00e9s del comercio, y otra mesa redonda especializada en la innovaci\u00f3n en la reparaci\u00f3n.<\/p>\n<p>A lo largo de la jornada hemos compartido sinergias y hemos aprendido sobre las <strong>nuevas oportunidades para el comercio a trav\u00e9s de la reparaci\u00f3n<\/strong> y la innovaci\u00f3n de \u00e9sta.<\/p>\n","protected":false},"excerpt":{"rendered":"<p>Las actividades de reparaci\u00f3n juegan un papel primordial en la promoci\u00f3n de la econom\u00eda circular. Ante la actual emergencia clim\u00e1tica es&#8230;<\/p>\n","protected":false},"author":2,"featured_media":7252,"comment_status":"open","ping_status":"closed","sticky":false,"template":"","format":"standard","meta":{"_uag_custom_page_level_css":"","_kad_blocks_custom_css":"","_kad_blocks_head_custom_js":"","_kad_blocks_body_custom_js":"","_kad_blocks_footer_custom_js":"","_kad_post_transparent":"","_kad_post_title":"","_kad_post_layout":"","_kad_post_sidebar_id":"","_kad_post_content_style":"","_kad_post_vertical_padding":"","_kad_post_feature":"","_kad_post_feature_position":"","_kad_post_header":false,"_kad_post_footer":false,"_kad_post_classname":"","footnotes":""},"categories":[761,8],"tags":[],"class_list":["post-8643","post","type-post","status-publish","format-standard","has-post-thumbnail","hentry","category-medio-ambiente","category-sin-categorizar"],"taxonomy_info":{"category":[{"value":761,"label":"MEDIO AMBIENTE"},{"value":8,"label":"Sin categorizar"}]},"featured_image_src_large":["https:\/\/solidanca.cat\/wp-content\/uploads\/2025\/04\/FOTO-NOTICIES-WEB-2024-05-15T102540.705-3.jpg",800,400,false],"author_info":{"display_name":"Solidan\u00e7a","author_link":"https:\/\/solidanca.cat\/es\/author\/alberg\/"},"comment_info":0,"category_info":[{"term_id":761,"name":"MEDIO AMBIENTE","slug":"medio-ambiente","term_group":0,"term_taxonomy_id":761,"taxonomy":"category","description":"","parent":0,"count":263,"filter":"raw","cat_ID":761,"category_count":263,"category_description":"","cat_name":"MEDIO AMBIENTE","category_nicename":"medio-ambiente","category_parent":0},{"term_id":8,"name":"Sin categorizar","slug":"sin-categorizar","term_group":0,"term_taxonomy_id":8,"taxonomy":"category","description":"","parent":0,"count":199,"filter":"raw","cat_ID":8,"category_count":199,"category_description":"","cat_name":"Sin categorizar","category_nicename":"sin-categorizar","category_parent":0}],"tag_info":false,"uagb_featured_image_src":{"full":["https:\/\/solidanca.cat\/wp-content\/uploads\/2025\/04\/FOTO-NOTICIES-WEB-2024-05-15T102540.705-3.jpg",800,400,false],"thumbnail":["https:\/\/solidanca.cat\/wp-content\/uploads\/2025\/04\/FOTO-NOTICIES-WEB-2024-05-15T102540.705-3-150x150.jpg",150,150,true],"medium":["https:\/\/solidanca.cat\/wp-content\/uploads\/2025\/04\/FOTO-NOTICIES-WEB-2024-05-15T102540.705-3-300x150.jpg",300,150,true],"medium_large":["https:\/\/solidanca.cat\/wp-content\/uploads\/2025\/04\/FOTO-NOTICIES-WEB-2024-05-15T102540.705-3-768x384.jpg",768,384,true],"large":["https:\/\/solidanca.cat\/wp-content\/uploads\/2025\/04\/FOTO-NOTICIES-WEB-2024-05-15T102540.705-3.jpg",800,400,false],"1536x1536":["https:\/\/solidanca.cat\/wp-content\/uploads\/2025\/04\/FOTO-NOTICIES-WEB-2024-05-15T102540.705-3.jpg",800,400,false],"2048x2048":["https:\/\/solidanca.cat\/wp-content\/uploads\/2025\/04\/FOTO-NOTICIES-WEB-2024-05-15T102540.705-3.jpg",800,400,false]},"uagb_author_info":{"display_name":"Solidan\u00e7a","author_link":"https:\/\/solidanca.cat\/es\/author\/alberg\/"},"uagb_comment_info":0,"uagb_excerpt":"Las actividades de reparaci\u00f3n juegan un papel primordial en la promoci\u00f3n de la econom\u00eda circular. Ante la actual emergencia clim\u00e1tica es...","_links":{"self":[{"href":"https:\/\/solidanca.cat\/es\/wp-json\/wp\/v2\/posts\/8643","targetHints":{"allow":["GET"]}}],"collection":[{"href":"https:\/\/solidanca.cat\/es\/wp-json\/wp\/v2\/posts"}],"about":[{"href":"https:\/\/solidanca.cat\/es\/wp-json\/wp\/v2\/types\/post"}],"author":[{"embeddable":true,"href":"https:\/\/solidanca.cat\/es\/wp-json\/wp\/v2\/users\/2"}],"replies":[{"embeddable":true,"href":"https:\/\/solidanca.cat\/es\/wp-json\/wp\/v2\/comments?post=8643"}],"version-history":[{"count":0,"href":"https:\/\/solidanca.cat\/es\/wp-json\/wp\/v2\/posts\/8643\/revisions"}],"wp:featuredmedia":[{"embeddable":true,"href":"https:\/\/solidanca.cat\/es\/wp-json\/wp\/v2\/media\/7252"}],"wp:attachment":[{"href":"https:\/\/solidanca.cat\/es\/wp-json\/wp\/v2\/media?parent=8643"}],"wp:term":[{"taxonomy":"category","embeddable":true,"href":"https:\/\/solidanca.cat\/es\/wp-json\/wp\/v2\/categories?post=8643"},{"taxonomy":"post_tag","embeddable":true,"href":"https:\/\/solidanca.cat\/es\/wp-json\/wp\/v2\/tags?post=8643"}],"curies":[{"name":"wp","href":"https:\/\/api.w.org\/{rel}","templated":true}]}}