{"id":8644,"date":"2024-05-27T10:17:17","date_gmt":"2024-05-27T08:17:17","guid":{"rendered":"https:\/\/solidanca.con2webs.es\/encuentro-y-asamblea-de-aeress-asociacion-espanola-de-recuperadores-de-economia-social-y-solidaria\/"},"modified":"2024-05-27T10:16:29","modified_gmt":"2024-05-27T08:16:29","slug":"encuentro-y-asamblea-de-aeress-asociacion-espanola-de-recuperadores-de-economia-social-y-solidaria","status":"publish","type":"post","link":"https:\/\/solidanca.cat\/es\/encuentro-y-asamblea-de-aeress-asociacion-espanola-de-recuperadores-de-economia-social-y-solidaria\/","title":{"rendered":"Encuentro y Asamblea de AERESS, Asociaci\u00f3n Espa\u00f1ola de Recuperadores de Econom\u00eda Social y Solidaria"},"content":{"rendered":"<p>Los pr\u00f3ximos 27 y 28 de mayo se celebrar\u00e1 el <strong>Encuentro y Asamblea General de entidades socias de AERESS.<\/strong> Un encuentro y asamblea que, este a\u00f1o, son verdaderamente especiales, ya que celebramos tambi\u00e9n el <strong>30 aniversario de AERESS,<\/strong> la Asociaci\u00f3n Espa\u00f1ola de Recuperadores de Econom\u00eda Social y Solidaria, de la que Solidan\u00e7a forma parte.<\/p>\n<p>En esta ocasi\u00f3n, la <strong>entidad RIQUIRRAQUE EMA\u00daS ASTURIAS<\/strong> ser\u00e1 anfitriona del Encuentro y la Asamblea en la que, durante dos d\u00edas, podremos <strong>dialogar sobre temas referentes a nuestro sector<\/strong>, conocer nuevas experiencias, consolidar lazos, desarrollar grupos de trabajo espec\u00edficos en torno al RAEE , textil y social, analizar el contexto para <strong>definir nuestras l\u00edneas de actuaci\u00f3n y estrategia global<\/strong>, y donde adem\u00e1s abordaremos los temas generales de la asociaci\u00f3n.<\/p>\n<p>Algunas de las charlas a las que asistiremos son &#8216;El term\u00f3metro de la contrataci\u00f3n reservada&#8217; o &#8216;El foro de la innovaci\u00f3n en AERESS&#8217;. Al mismo tiempo, tambi\u00e9n se presentar\u00e1n la Memoria y las Cuentas 2023 de la Asociaci\u00f3n, as\u00ed como la presentaci\u00f3n y aprobaci\u00f3n de una nueva entidad, la extensi\u00f3n del Plan de Gesti\u00f3n y el Plan Estrat\u00e9gico.<\/p>\n","protected":false},"excerpt":{"rendered":"<p>Los pr\u00f3ximos 27 y 28 de mayo se celebrar\u00e1 el Encuentro y Asamblea General de entidades socias de AERESS. Un encuentro&#8230;<\/p>\n","protected":false},"author":2,"featured_media":7255,"comment_status":"open","ping_status":"closed","sticky":false,"template":"","format":"standard","meta":{"_uag_custom_page_level_css":"","_kad_blocks_custom_css":"","_kad_blocks_head_custom_js":"","_kad_blocks_body_custom_js":"","_kad_blocks_footer_custom_js":"","_kad_post_transparent":"","_kad_post_title":"","_kad_post_layout":"","_kad_post_sidebar_id":"","_kad_post_content_style":"","_kad_post_vertical_padding":"","_kad_post_feature":"","_kad_post_feature_position":"","_kad_post_header":false,"_kad_post_footer":false,"_kad_post_classname":"","footnotes":""},"categories":[763,758,761,8],"tags":[],"class_list":["post-8644","post","type-post","status-publish","format-standard","has-post-thumbnail","hentry","category-area-social-es","category-formacion","category-medio-ambiente","category-sin-categorizar"],"taxonomy_info":{"category":[{"value":763,"label":"Area Social"},{"value":758,"label":"Formaci\u00f3n"},{"value":761,"label":"MEDIO AMBIENTE"},{"value":8,"label":"Sin categorizar"}]},"featured_image_src_large":["https:\/\/solidanca.cat\/wp-content\/uploads\/2025\/04\/FOTO-NOTICIES-WEB-2024-05-27T121550.077-3.jpg",800,400,false],"author_info":{"display_name":"Solidan\u00e7a","author_link":"https:\/\/solidanca.cat\/es\/author\/alberg\/"},"comment_info":0,"category_info":[{"term_id":763,"name":"Area Social","slug":"area-social-es","term_group":0,"term_taxonomy_id":763,"taxonomy":"category","description":"","parent":0,"count":205,"filter":"raw","cat_ID":763,"category_count":205,"category_description":"","cat_name":"Area Social","category_nicename":"area-social-es","category_parent":0},{"term_id":758,"name":"Formaci\u00f3n","slug":"formacion","term_group":0,"term_taxonomy_id":758,"taxonomy":"category","description":"","parent":0,"count":107,"filter":"raw","cat_ID":758,"category_count":107,"category_description":"","cat_name":"Formaci\u00f3n","category_nicename":"formacion","category_parent":0},{"term_id":761,"name":"MEDIO AMBIENTE","slug":"medio-ambiente","term_group":0,"term_taxonomy_id":761,"taxonomy":"category","description":"","parent":0,"count":263,"filter":"raw","cat_ID":761,"category_count":263,"category_description":"","cat_name":"MEDIO AMBIENTE","category_nicename":"medio-ambiente","category_parent":0},{"term_id":8,"name":"Sin categorizar","slug":"sin-categorizar","term_group":0,"term_taxonomy_id":8,"taxonomy":"category","description":"","parent":0,"count":199,"filter":"raw","cat_ID":8,"category_count":199,"category_description":"","cat_name":"Sin categorizar","category_nicename":"sin-categorizar","category_parent":0}],"tag_info":false,"uagb_featured_image_src":{"full":["https:\/\/solidanca.cat\/wp-content\/uploads\/2025\/04\/FOTO-NOTICIES-WEB-2024-05-27T121550.077-3.jpg",800,400,false],"thumbnail":["https:\/\/solidanca.cat\/wp-content\/uploads\/2025\/04\/FOTO-NOTICIES-WEB-2024-05-27T121550.077-3-150x150.jpg",150,150,true],"medium":["https:\/\/solidanca.cat\/wp-content\/uploads\/2025\/04\/FOTO-NOTICIES-WEB-2024-05-27T121550.077-3-300x150.jpg",300,150,true],"medium_large":["https:\/\/solidanca.cat\/wp-content\/uploads\/2025\/04\/FOTO-NOTICIES-WEB-2024-05-27T121550.077-3-768x384.jpg",768,384,true],"large":["https:\/\/solidanca.cat\/wp-content\/uploads\/2025\/04\/FOTO-NOTICIES-WEB-2024-05-27T121550.077-3.jpg",800,400,false],"1536x1536":["https:\/\/solidanca.cat\/wp-content\/uploads\/2025\/04\/FOTO-NOTICIES-WEB-2024-05-27T121550.077-3.jpg",800,400,false],"2048x2048":["https:\/\/solidanca.cat\/wp-content\/uploads\/2025\/04\/FOTO-NOTICIES-WEB-2024-05-27T121550.077-3.jpg",800,400,false]},"uagb_author_info":{"display_name":"Solidan\u00e7a","author_link":"https:\/\/solidanca.cat\/es\/author\/alberg\/"},"uagb_comment_info":0,"uagb_excerpt":"Los pr\u00f3ximos 27 y 28 de mayo se celebrar\u00e1 el Encuentro y Asamblea General de entidades socias de AERESS. Un encuentro...","_links":{"self":[{"href":"https:\/\/solidanca.cat\/es\/wp-json\/wp\/v2\/posts\/8644","targetHints":{"allow":["GET"]}}],"collection":[{"href":"https:\/\/solidanca.cat\/es\/wp-json\/wp\/v2\/posts"}],"about":[{"href":"https:\/\/solidanca.cat\/es\/wp-json\/wp\/v2\/types\/post"}],"author":[{"embeddable":true,"href":"https:\/\/solidanca.cat\/es\/wp-json\/wp\/v2\/users\/2"}],"replies":[{"embeddable":true,"href":"https:\/\/solidanca.cat\/es\/wp-json\/wp\/v2\/comments?post=8644"}],"version-history":[{"count":0,"href":"https:\/\/solidanca.cat\/es\/wp-json\/wp\/v2\/posts\/8644\/revisions"}],"wp:featuredmedia":[{"embeddable":true,"href":"https:\/\/solidanca.cat\/es\/wp-json\/wp\/v2\/media\/7255"}],"wp:attachment":[{"href":"https:\/\/solidanca.cat\/es\/wp-json\/wp\/v2\/media?parent=8644"}],"wp:term":[{"taxonomy":"category","embeddable":true,"href":"https:\/\/solidanca.cat\/es\/wp-json\/wp\/v2\/categories?post=8644"},{"taxonomy":"post_tag","embeddable":true,"href":"https:\/\/solidanca.cat\/es\/wp-json\/wp\/v2\/tags?post=8644"}],"curies":[{"name":"wp","href":"https:\/\/api.w.org\/{rel}","templated":true}]}}