{"id":8651,"date":"2024-06-10T10:10:09","date_gmt":"2024-06-10T08:10:09","guid":{"rendered":"https:\/\/solidanca.con2webs.es\/participamos-en-las-mesas-redondas-del-ii-congreso-catalunya-circular\/"},"modified":"2024-06-10T10:04:48","modified_gmt":"2024-06-10T08:04:48","slug":"participamos-en-las-mesas-redondas-del-ii-congreso-catalunya-circular","status":"publish","type":"post","link":"https:\/\/solidanca.cat\/es\/participamos-en-las-mesas-redondas-del-ii-congreso-catalunya-circular\/","title":{"rendered":"Participamos en las Mesas Redondas del II Congreso Catalunya Circular \u00a0"},"content":{"rendered":"<p>Asistimos al<strong> II Congreso Catalunya Circular<\/strong>, un encuentro anual de agentes del \u00e1mbito p\u00fablico, privado y tercer sector, comprometidos con la<strong> consolidaci\u00f3n de la econom\u00eda circular en Catalu\u00f1a.<\/strong><\/p>\n<p>El objetivo es ofrecer un <strong>espacio de encuentro y reflexi\u00f3n \u00fanic<\/strong>o y crear una visi\u00f3n estrat\u00e9gica compartida que favorezca iniciativas y proyectos de referencia en diversos sectores pioneros en este \u00e1mbito.<\/p>\n<p>En esta edici\u00f3n, Nati Yesares, jefa de Medio Ambiente de Solidan\u00e7a, formar\u00e1 parte de la <strong>Mesa redonda del sector de los residuos<\/strong> sobre la aplicabilidad de la normativa y los retos asociados con relaci\u00f3n a la trazabilidad de los<strong> residuos RAEEs.<\/strong><\/p>\n<p>Solidan\u00e7a, como <strong>gestora de residuos RAEEs autorizada<\/strong>, cuenta con la experiencia y el recorrido que la capacita para asegurar una correcta gesti\u00f3n de estos residuos a trav\u00e9s de la normativa, adem\u00e1s de seguir trabajando para mejorar su trazabilidad.<\/p>\n<p>La edici\u00f3n 2024 del encuentro se enfoca en <strong>modelos de negocio circulares con casos pr\u00e1cticos<\/strong> de empresas tractoras, en iniciativas impulsadas por los agentes de la Administraci\u00f3n, en estrategias territoriales multinivel y sesiones sectoriales participativas.<\/p>\n<p>El Congreso Catalunya Circular se desarrollar\u00e1 en dos d\u00edas. El primer d\u00eda incluir\u00e1 una primera parte con ponencias y mesas redondas en las que se presentar\u00e1n nuevos modelos de negocio circulares y ejemplos de gobernanza de la econom\u00eda circular desde diferentes escalas territoriales. A continuaci\u00f3n, tendr\u00e1 lugar una segunda parte de networking y sesiones sectoriales paralelas para incentivar alianzas circulares. Este a\u00f1o los sectores a debatir ser\u00e1n el de los envases y embalajes, el del textil y moda, el de la gesti\u00f3n de los residuos y el de la construcci\u00f3n.<\/p>\n<h5><strong>Solidan\u00e7a y gesti\u00f3n de los RAEE&#8217;s<\/strong><\/h5>\n<p>Desde 2016, Solidan\u00e7a cuenta con una de las <strong>primeras plantas de Catalu\u00f1a autorizada para la gesti\u00f3n y Preparaci\u00f3n para la Reutilizaci\u00f3n (PxR) de estos residuos,<\/strong> desde donde profesionales formados a trav\u00e9s de <strong>itinerarios de inserci\u00f3n sociolaborales<\/strong> efect\u00faan un servicio de calidad y profesionalidad basado en la transparencia y en la trazabilidad de los <strong>RAEE<\/strong>.<\/p>\n<p>En el \u00faltimo a\u00f1o, la planta del RAEE de Solidan\u00e7a ha g<strong>estionado 143.752 kg de residuos RAEE,<\/strong> de los cuales un 11% se han podido reutilizar gracias al proceso de Preparaci\u00f3n para la Reutilizaci\u00f3n. Esto supone un <strong>ahorro de 574.577 kg de emisiones de CO\u2082<\/strong> a la atm\u00f3sfera.<\/p>\n<p>Adem\u00e1s de reducir el impacto medioambiental, este servicio garantiza el cumplimiento del principal activo de nuestra entidad: <strong>la inserci\u00f3n sociolaboral de personas en situaci\u00f3n de vulnerabilidad social.<\/strong> Parte del equipo de la planta de residuos est\u00e1 conformado por personal derivado de itinerarios de inserci\u00f3n de la entidad.<\/p>\n<p>&nbsp;<\/p>\n","protected":false},"excerpt":{"rendered":"<p>Asistimos al II Congreso Catalunya Circular, un encuentro anual de agentes del \u00e1mbito p\u00fablico, privado y tercer sector, comprometidos con la&#8230;<\/p>\n","protected":false},"author":2,"featured_media":7269,"comment_status":"open","ping_status":"closed","sticky":false,"template":"","format":"standard","meta":{"_uag_custom_page_level_css":"","_kad_blocks_custom_css":"","_kad_blocks_head_custom_js":"","_kad_blocks_body_custom_js":"","_kad_blocks_footer_custom_js":"","_kad_post_transparent":"","_kad_post_title":"","_kad_post_layout":"","_kad_post_sidebar_id":"","_kad_post_content_style":"","_kad_post_vertical_padding":"","_kad_post_feature":"","_kad_post_feature_position":"","_kad_post_header":false,"_kad_post_footer":false,"_kad_post_classname":"","footnotes":""},"categories":[758,761,8],"tags":[],"class_list":["post-8651","post","type-post","status-publish","format-standard","has-post-thumbnail","hentry","category-formacion","category-medio-ambiente","category-sin-categorizar"],"taxonomy_info":{"category":[{"value":758,"label":"Formaci\u00f3n"},{"value":761,"label":"MEDIO AMBIENTE"},{"value":8,"label":"Sin categorizar"}]},"featured_image_src_large":["https:\/\/solidanca.cat\/wp-content\/uploads\/2025\/04\/FOTO-NOTICIES-WEB-2024-06-11T141302.825-3.jpg",800,400,false],"author_info":{"display_name":"Solidan\u00e7a","author_link":"https:\/\/solidanca.cat\/es\/author\/alberg\/"},"comment_info":0,"category_info":[{"term_id":758,"name":"Formaci\u00f3n","slug":"formacion","term_group":0,"term_taxonomy_id":758,"taxonomy":"category","description":"","parent":0,"count":107,"filter":"raw","cat_ID":758,"category_count":107,"category_description":"","cat_name":"Formaci\u00f3n","category_nicename":"formacion","category_parent":0},{"term_id":761,"name":"MEDIO AMBIENTE","slug":"medio-ambiente","term_group":0,"term_taxonomy_id":761,"taxonomy":"category","description":"","parent":0,"count":263,"filter":"raw","cat_ID":761,"category_count":263,"category_description":"","cat_name":"MEDIO AMBIENTE","category_nicename":"medio-ambiente","category_parent":0},{"term_id":8,"name":"Sin categorizar","slug":"sin-categorizar","term_group":0,"term_taxonomy_id":8,"taxonomy":"category","description":"","parent":0,"count":199,"filter":"raw","cat_ID":8,"category_count":199,"category_description":"","cat_name":"Sin categorizar","category_nicename":"sin-categorizar","category_parent":0}],"tag_info":false,"uagb_featured_image_src":{"full":["https:\/\/solidanca.cat\/wp-content\/uploads\/2025\/04\/FOTO-NOTICIES-WEB-2024-06-11T141302.825-3.jpg",800,400,false],"thumbnail":["https:\/\/solidanca.cat\/wp-content\/uploads\/2025\/04\/FOTO-NOTICIES-WEB-2024-06-11T141302.825-3-150x150.jpg",150,150,true],"medium":["https:\/\/solidanca.cat\/wp-content\/uploads\/2025\/04\/FOTO-NOTICIES-WEB-2024-06-11T141302.825-3-300x150.jpg",300,150,true],"medium_large":["https:\/\/solidanca.cat\/wp-content\/uploads\/2025\/04\/FOTO-NOTICIES-WEB-2024-06-11T141302.825-3-768x384.jpg",768,384,true],"large":["https:\/\/solidanca.cat\/wp-content\/uploads\/2025\/04\/FOTO-NOTICIES-WEB-2024-06-11T141302.825-3.jpg",800,400,false],"1536x1536":["https:\/\/solidanca.cat\/wp-content\/uploads\/2025\/04\/FOTO-NOTICIES-WEB-2024-06-11T141302.825-3.jpg",800,400,false],"2048x2048":["https:\/\/solidanca.cat\/wp-content\/uploads\/2025\/04\/FOTO-NOTICIES-WEB-2024-06-11T141302.825-3.jpg",800,400,false]},"uagb_author_info":{"display_name":"Solidan\u00e7a","author_link":"https:\/\/solidanca.cat\/es\/author\/alberg\/"},"uagb_comment_info":0,"uagb_excerpt":"Asistimos al II Congreso Catalunya Circular, un encuentro anual de agentes del \u00e1mbito p\u00fablico, privado y tercer sector, comprometidos con la...","_links":{"self":[{"href":"https:\/\/solidanca.cat\/es\/wp-json\/wp\/v2\/posts\/8651","targetHints":{"allow":["GET"]}}],"collection":[{"href":"https:\/\/solidanca.cat\/es\/wp-json\/wp\/v2\/posts"}],"about":[{"href":"https:\/\/solidanca.cat\/es\/wp-json\/wp\/v2\/types\/post"}],"author":[{"embeddable":true,"href":"https:\/\/solidanca.cat\/es\/wp-json\/wp\/v2\/users\/2"}],"replies":[{"embeddable":true,"href":"https:\/\/solidanca.cat\/es\/wp-json\/wp\/v2\/comments?post=8651"}],"version-history":[{"count":0,"href":"https:\/\/solidanca.cat\/es\/wp-json\/wp\/v2\/posts\/8651\/revisions"}],"wp:featuredmedia":[{"embeddable":true,"href":"https:\/\/solidanca.cat\/es\/wp-json\/wp\/v2\/media\/7269"}],"wp:attachment":[{"href":"https:\/\/solidanca.cat\/es\/wp-json\/wp\/v2\/media?parent=8651"}],"wp:term":[{"taxonomy":"category","embeddable":true,"href":"https:\/\/solidanca.cat\/es\/wp-json\/wp\/v2\/categories?post=8651"},{"taxonomy":"post_tag","embeddable":true,"href":"https:\/\/solidanca.cat\/es\/wp-json\/wp\/v2\/tags?post=8651"}],"curies":[{"name":"wp","href":"https:\/\/api.w.org\/{rel}","templated":true}]}}