{"id":8668,"date":"2024-07-02T12:00:31","date_gmt":"2024-07-02T10:00:31","guid":{"rendered":"https:\/\/solidanca.con2webs.es\/debatimos-sobre-las-necesidades-del-residuo-textil-en-la-jornada-nueva-gestion-de-residuos-y-pacto-para-la-moda-circular\/"},"modified":"2024-07-02T12:00:28","modified_gmt":"2024-07-02T10:00:28","slug":"debatimos-sobre-las-necesidades-del-residuo-textil-en-la-jornada-nueva-gestion-de-residuos-y-pacto-para-la-moda-circular","status":"publish","type":"post","link":"https:\/\/solidanca.cat\/es\/debatimos-sobre-las-necesidades-del-residuo-textil-en-la-jornada-nueva-gestion-de-residuos-y-pacto-para-la-moda-circular\/","title":{"rendered":"Debatimos sobre las necesidades del residuo textil en la Jornada &#8216;Nueva gesti\u00f3n de residuos y Pacto para la Moda Circular&#8217;"},"content":{"rendered":"<p>Hoy hemos participado en la<strong> Jornada &#8216;Nueva gesti\u00f3n de residuos y Pacto para la Moda Circular<\/strong>&#8216;, un espacio de encuentro dirigido a los municipios para hablar de los diferentes modelos de recogida eficientes, la nueva tasa de residuos, las subvenciones previstas y las novedades en la gesti\u00f3n de los residuos textiles.<\/p>\n<p>Solidan\u00e7a\u00a0ha participado en la<strong> &#8216;Mesa redonda: Mesa de buenas pr\u00e1cticas de gesti\u00f3n del textil<\/strong>&#8216; donde hemos expuesto el cat\u00e1logo de actividades que ofrecemos en la gesti\u00f3n del textil, as\u00ed como hemos puesto a debate la<strong> importancia de impulsar la reserva de mercado en las empresas de inserci\u00f3n<\/strong> en las licitaciones p\u00fablicas de recogida de textil.<\/p>\n<p>No s\u00f3lo hemos debatido sobre la aplicaci\u00f3n de la <strong>nueva ley 7\/2022 de residuos<\/strong> y s\u00f3lo contaminados por una econom\u00eda circular, tambi\u00e9n se ha presentado la Campa\u00f1a \u00abTe queda bien\u00bb dirigida a los municipios, la Gu\u00eda de contrataci\u00f3n de la recogida del textil y todo el Kit de campa\u00f1a en el marco del Pacto para la Moda Circular.<\/p>\n<p>El <strong>Pacto para la Moda Circular<\/strong> (PxMC) es una iniciativa innovadora impulsada desde el Departamento de Acci\u00f3n Clim\u00e1tica, Alimentaci\u00f3n y Agenda Rural de la Generalidad de Catalu\u00f1a y la Agencia de Residuos de Catalu\u00f1a, que anualmente re\u00fane a diferentes actores del sector.<\/p>\n<p>El Pacto nace con la voluntad de sumar y coordinar los esfuerzos de todos los agentes de la cadena de valor del textil y para dar respuesta de forma conjunta y efectiva a los retos del sector, estableciendo objetivos comunes y generando instrumentos que hagan posible la transformaci\u00f3n del sector hacia un modelo circular.<\/p>\n","protected":false},"excerpt":{"rendered":"<p>Hoy hemos participado en la Jornada &#8216;Nueva gesti\u00f3n de residuos y Pacto para la Moda Circular&#8216;, un espacio de encuentro dirigido&#8230;<\/p>\n","protected":false},"author":2,"featured_media":7299,"comment_status":"open","ping_status":"closed","sticky":false,"template":"","format":"standard","meta":{"_uag_custom_page_level_css":"","_kad_blocks_custom_css":"","_kad_blocks_head_custom_js":"","_kad_blocks_body_custom_js":"","_kad_blocks_footer_custom_js":"","_kad_post_transparent":"","_kad_post_title":"","_kad_post_layout":"","_kad_post_sidebar_id":"","_kad_post_content_style":"","_kad_post_vertical_padding":"","_kad_post_feature":"","_kad_post_feature_position":"","_kad_post_header":false,"_kad_post_footer":false,"_kad_post_classname":"","footnotes":""},"categories":[761],"tags":[],"class_list":["post-8668","post","type-post","status-publish","format-standard","has-post-thumbnail","hentry","category-medio-ambiente"],"taxonomy_info":{"category":[{"value":761,"label":"MEDIO AMBIENTE"}]},"featured_image_src_large":["https:\/\/solidanca.cat\/wp-content\/uploads\/2025\/04\/FOTO-NOTICIES-WEB-2024-07-05T094522.021-3.jpg",800,400,false],"author_info":{"display_name":"Solidan\u00e7a","author_link":"https:\/\/solidanca.cat\/es\/author\/alberg\/"},"comment_info":0,"category_info":[{"term_id":761,"name":"MEDIO AMBIENTE","slug":"medio-ambiente","term_group":0,"term_taxonomy_id":761,"taxonomy":"category","description":"","parent":0,"count":263,"filter":"raw","cat_ID":761,"category_count":263,"category_description":"","cat_name":"MEDIO AMBIENTE","category_nicename":"medio-ambiente","category_parent":0}],"tag_info":false,"uagb_featured_image_src":{"full":["https:\/\/solidanca.cat\/wp-content\/uploads\/2025\/04\/FOTO-NOTICIES-WEB-2024-07-05T094522.021-3.jpg",800,400,false],"thumbnail":["https:\/\/solidanca.cat\/wp-content\/uploads\/2025\/04\/FOTO-NOTICIES-WEB-2024-07-05T094522.021-3-150x150.jpg",150,150,true],"medium":["https:\/\/solidanca.cat\/wp-content\/uploads\/2025\/04\/FOTO-NOTICIES-WEB-2024-07-05T094522.021-3-300x150.jpg",300,150,true],"medium_large":["https:\/\/solidanca.cat\/wp-content\/uploads\/2025\/04\/FOTO-NOTICIES-WEB-2024-07-05T094522.021-3-768x384.jpg",768,384,true],"large":["https:\/\/solidanca.cat\/wp-content\/uploads\/2025\/04\/FOTO-NOTICIES-WEB-2024-07-05T094522.021-3.jpg",800,400,false],"1536x1536":["https:\/\/solidanca.cat\/wp-content\/uploads\/2025\/04\/FOTO-NOTICIES-WEB-2024-07-05T094522.021-3.jpg",800,400,false],"2048x2048":["https:\/\/solidanca.cat\/wp-content\/uploads\/2025\/04\/FOTO-NOTICIES-WEB-2024-07-05T094522.021-3.jpg",800,400,false]},"uagb_author_info":{"display_name":"Solidan\u00e7a","author_link":"https:\/\/solidanca.cat\/es\/author\/alberg\/"},"uagb_comment_info":0,"uagb_excerpt":"Hoy hemos participado en la Jornada &#8216;Nueva gesti\u00f3n de residuos y Pacto para la Moda Circular&#8216;, un espacio de encuentro dirigido...","_links":{"self":[{"href":"https:\/\/solidanca.cat\/es\/wp-json\/wp\/v2\/posts\/8668","targetHints":{"allow":["GET"]}}],"collection":[{"href":"https:\/\/solidanca.cat\/es\/wp-json\/wp\/v2\/posts"}],"about":[{"href":"https:\/\/solidanca.cat\/es\/wp-json\/wp\/v2\/types\/post"}],"author":[{"embeddable":true,"href":"https:\/\/solidanca.cat\/es\/wp-json\/wp\/v2\/users\/2"}],"replies":[{"embeddable":true,"href":"https:\/\/solidanca.cat\/es\/wp-json\/wp\/v2\/comments?post=8668"}],"version-history":[{"count":0,"href":"https:\/\/solidanca.cat\/es\/wp-json\/wp\/v2\/posts\/8668\/revisions"}],"wp:featuredmedia":[{"embeddable":true,"href":"https:\/\/solidanca.cat\/es\/wp-json\/wp\/v2\/media\/7299"}],"wp:attachment":[{"href":"https:\/\/solidanca.cat\/es\/wp-json\/wp\/v2\/media?parent=8668"}],"wp:term":[{"taxonomy":"category","embeddable":true,"href":"https:\/\/solidanca.cat\/es\/wp-json\/wp\/v2\/categories?post=8668"},{"taxonomy":"post_tag","embeddable":true,"href":"https:\/\/solidanca.cat\/es\/wp-json\/wp\/v2\/tags?post=8668"}],"curies":[{"name":"wp","href":"https:\/\/api.w.org\/{rel}","templated":true}]}}