{"id":8670,"date":"2025-01-20T13:50:09","date_gmt":"2025-01-20T12:50:09","guid":{"rendered":"https:\/\/solidanca.con2webs.es\/la-ley-de-residuos-marca-el-futuro-en-la-recogida-y-gestion-del-textil-y-otras-fracciones\/"},"modified":"2025-01-20T13:50:10","modified_gmt":"2025-01-20T12:50:10","slug":"la-ley-de-residuos-marca-el-futuro-en-la-recogida-y-gestion-del-textil-y-otras-fracciones","status":"publish","type":"post","link":"https:\/\/solidanca.cat\/es\/la-ley-de-residuos-marca-el-futuro-en-la-recogida-y-gestion-del-textil-y-otras-fracciones\/","title":{"rendered":"La ley de residuos marca el futuro en la recogida y gesti\u00f3n del textil y otras fracciones"},"content":{"rendered":"<p>Hace dos a\u00f1os, el Congreso aprob\u00f3 la <strong>Ley 07\/2022 de gesti\u00f3n de residuos y suelos contaminados<\/strong> que marca el futuro del reciclaje en Espa\u00f1a y nos ayuda a avanzar hacia la econom\u00eda circular y el residuo cero en el \u00e1mbito normativo.<\/p>\n<p>La nueva directiva busca proteger el medio ambiente, la salud y el bienestar de la ciudadan\u00eda mediante la <strong>prevenci\u00f3n y la reducci\u00f3n de los residuos<\/strong>, la mejora de la eficacia del uso de los recursos y la reducci\u00f3n del impacto de los productos pl\u00e1sticos en el medio ambiente.<\/p>\n<p>Esta nueva pol\u00edtica pretende tambi\u00e9n impulsar una <strong>econom\u00eda diversificada y sostenible<\/strong> y dar respuesta a la preocupaci\u00f3n actual por los impactos de los residuos sobre el medio ambiente y el cambio clim\u00e1tico.<\/p>\n<p>Para las entidades sociales dedicadas a la gesti\u00f3n de los residuos, es una normativa que da impulso a nuestra labor y nos beneficia en su desarrollo.<\/p>\n<p><strong>Objetivos<\/strong> que destacamos de la <strong>nueva ley de residuos:<\/strong><br \/>\n&#8211; El establecimiento de una serie de objetivos de reducci\u00f3n de los residuos generados en un 13% en 2025 y un 15% en 2030<\/p>\n<p>&#8211; A partir de 2025, se establece la recogida obligatoria de los residuos textiles, los aceites de cocina usados, los residuos dom\u00e9sticos peligrosos y los voluminosos.<\/p>\n<p>&#8211; Con la aplicaci\u00f3n de la nueva ley tambi\u00e9n se espera un aumento de las transformaciones de los puntos limpios en espacios de promoci\u00f3n de reutilizaci\u00f3n de los productos y componentes de los productos, as\u00ed como la promoci\u00f3n de actividades de reparaci\u00f3n y reutilizaci\u00f3n<\/p>\n<p>&#8211; La reserva de mercado del 50% de la oferta p\u00fablica de la recogida de residuos para contratos con empresas de inserci\u00f3n y centros de iniciativa social autorizados en la gesti\u00f3n de residuos.<\/p>\n<p>&#8211; Prohibici\u00f3n de la destrucci\u00f3n de excedentes no vendidos de productos no perecederos como textil, juguetes y aparatos el\u00e9ctricos<\/p>\n<p>Aunque la ley es bastante m\u00e1s extensa, le recomendamos informarle de su implementaci\u00f3n a trav\u00e9s de la Gu\u00eda t\u00e9cnica para la contrataci\u00f3n del servicio de recogida y gesti\u00f3n de residuos textiles.<\/p>\n<p><em><strong>\u00bfEn qu\u00e9 ponemos \u00e9nfasis como gestores de residuos?<\/strong><\/em><\/p>\n<p><strong>La aplicaci\u00f3n real de la reserva de contrato<\/strong><\/p>\n<p>Para cumplir con la nueva normativa, al menos el 50% del importe de adjudicaci\u00f3n de licitaciones de recogida textil, debe ser objeto de contrataci\u00f3n reservada a empresas de inserci\u00f3n y centros especiales de empleo de iniciativa social autorizados para el tratamiento de residuos.<\/p>\n<p>Desde la entidad reivindicamos que la contrataci\u00f3n de la recogida, transporte y tratamiento del residuo textil se haga efectiva en la reserva de mercado para empresas de inserci\u00f3n, y que las licitaciones p\u00fablicas cumplan con la cl\u00e1usula pertinente, no \u00fanicamente como una subcontrataci\u00f3n .<\/p>\n<p><strong>La valorizaci\u00f3n de la gesti\u00f3n manual del textil recogido<\/strong><\/p>\n<p>Por otro lado, pedimos garantizar la eficiencia y una recogida de calidad, aceptando que el textil es gestionado de forma distinta a otras fracciones. Debemos tener presentes que la recogida debe ser manual si queremos procurar que se mantengan las opciones de reutilizaci\u00f3n que se generen. Los sistemas de recogida autom\u00e1ticos como en otras fracciones de residuos, pierden valor econ\u00f3mico y social en el campo del textil.<\/p>\n<p><strong>Implementaci\u00f3n de un esquema retributivo<\/strong><\/p>\n<p>Manifestamos la voluntad de aplicar un sistema retributivo en el proceso de clasificaci\u00f3n de los residuos, que compense al operador del servicio por el ahorro econ\u00f3mico que supone evitar que el residuo textil termine en fracciones err\u00f3neas, como el resto, adem\u00e1s de los esfuerzos impl\u00edcitos que comporta todo el proceso de gesti\u00f3n.<\/p>\n<p>Tal y como se explica en la Gu\u00eda t\u00e9cnica, esta contraprestaci\u00f3n se plantea que sea equivalente al ahorro en tratamiento de fracci\u00f3n, lo que supone la recogida selectiva del residuo textil, estableciendo un objetivo m\u00ednimo de recogida. Este objetivo propone que inicialmente sea de 5,0 kg\/habitante y a\u00f1o.<\/p>\n<p>Se trata de un sistema de retribuci\u00f3n con car\u00e1cter retroactivo en funci\u00f3n de sus resultados. Una vez finalizado el a\u00f1o, si la gestora de residuos ha conseguido el objetivo de 5 kg\/hab\/a\u00f1o se paga la totalidad del presupuesto, y en caso de no cumplirlo, se pagar\u00e1 la parte proporcional.<\/p>\n","protected":false},"excerpt":{"rendered":"<p>Hace dos a\u00f1os, el Congreso aprob\u00f3 la Ley 07\/2022 de gesti\u00f3n de residuos y suelos contaminados que marca el futuro del&#8230;<\/p>\n","protected":false},"author":2,"featured_media":7304,"comment_status":"open","ping_status":"closed","sticky":false,"template":"","format":"standard","meta":{"_uag_custom_page_level_css":"","_kad_blocks_custom_css":"","_kad_blocks_head_custom_js":"","_kad_blocks_body_custom_js":"","_kad_blocks_footer_custom_js":"","_kad_post_transparent":"","_kad_post_title":"","_kad_post_layout":"","_kad_post_sidebar_id":"","_kad_post_content_style":"","_kad_post_vertical_padding":"","_kad_post_feature":"","_kad_post_feature_position":"","_kad_post_header":false,"_kad_post_footer":false,"_kad_post_classname":"","footnotes":""},"categories":[761],"tags":[],"class_list":["post-8670","post","type-post","status-publish","format-standard","has-post-thumbnail","hentry","category-medio-ambiente"],"taxonomy_info":{"category":[{"value":761,"label":"MEDIO AMBIENTE"}]},"featured_image_src_large":["https:\/\/solidanca.cat\/wp-content\/uploads\/2025\/04\/FOTO-NOTICIES-WEB-2024-07-02T144750.021-3.jpg",800,400,false],"author_info":{"display_name":"Solidan\u00e7a","author_link":"https:\/\/solidanca.cat\/es\/author\/alberg\/"},"comment_info":0,"category_info":[{"term_id":761,"name":"MEDIO AMBIENTE","slug":"medio-ambiente","term_group":0,"term_taxonomy_id":761,"taxonomy":"category","description":"","parent":0,"count":263,"filter":"raw","cat_ID":761,"category_count":263,"category_description":"","cat_name":"MEDIO AMBIENTE","category_nicename":"medio-ambiente","category_parent":0}],"tag_info":false,"uagb_featured_image_src":{"full":["https:\/\/solidanca.cat\/wp-content\/uploads\/2025\/04\/FOTO-NOTICIES-WEB-2024-07-02T144750.021-3.jpg",800,400,false],"thumbnail":["https:\/\/solidanca.cat\/wp-content\/uploads\/2025\/04\/FOTO-NOTICIES-WEB-2024-07-02T144750.021-3-150x150.jpg",150,150,true],"medium":["https:\/\/solidanca.cat\/wp-content\/uploads\/2025\/04\/FOTO-NOTICIES-WEB-2024-07-02T144750.021-3-300x150.jpg",300,150,true],"medium_large":["https:\/\/solidanca.cat\/wp-content\/uploads\/2025\/04\/FOTO-NOTICIES-WEB-2024-07-02T144750.021-3-768x384.jpg",768,384,true],"large":["https:\/\/solidanca.cat\/wp-content\/uploads\/2025\/04\/FOTO-NOTICIES-WEB-2024-07-02T144750.021-3.jpg",800,400,false],"1536x1536":["https:\/\/solidanca.cat\/wp-content\/uploads\/2025\/04\/FOTO-NOTICIES-WEB-2024-07-02T144750.021-3.jpg",800,400,false],"2048x2048":["https:\/\/solidanca.cat\/wp-content\/uploads\/2025\/04\/FOTO-NOTICIES-WEB-2024-07-02T144750.021-3.jpg",800,400,false]},"uagb_author_info":{"display_name":"Solidan\u00e7a","author_link":"https:\/\/solidanca.cat\/es\/author\/alberg\/"},"uagb_comment_info":0,"uagb_excerpt":"Hace dos a\u00f1os, el Congreso aprob\u00f3 la Ley 07\/2022 de gesti\u00f3n de residuos y suelos contaminados que marca el futuro del...","_links":{"self":[{"href":"https:\/\/solidanca.cat\/es\/wp-json\/wp\/v2\/posts\/8670","targetHints":{"allow":["GET"]}}],"collection":[{"href":"https:\/\/solidanca.cat\/es\/wp-json\/wp\/v2\/posts"}],"about":[{"href":"https:\/\/solidanca.cat\/es\/wp-json\/wp\/v2\/types\/post"}],"author":[{"embeddable":true,"href":"https:\/\/solidanca.cat\/es\/wp-json\/wp\/v2\/users\/2"}],"replies":[{"embeddable":true,"href":"https:\/\/solidanca.cat\/es\/wp-json\/wp\/v2\/comments?post=8670"}],"version-history":[{"count":0,"href":"https:\/\/solidanca.cat\/es\/wp-json\/wp\/v2\/posts\/8670\/revisions"}],"wp:featuredmedia":[{"embeddable":true,"href":"https:\/\/solidanca.cat\/es\/wp-json\/wp\/v2\/media\/7304"}],"wp:attachment":[{"href":"https:\/\/solidanca.cat\/es\/wp-json\/wp\/v2\/media?parent=8670"}],"wp:term":[{"taxonomy":"category","embeddable":true,"href":"https:\/\/solidanca.cat\/es\/wp-json\/wp\/v2\/categories?post=8670"},{"taxonomy":"post_tag","embeddable":true,"href":"https:\/\/solidanca.cat\/es\/wp-json\/wp\/v2\/tags?post=8670"}],"curies":[{"name":"wp","href":"https:\/\/api.w.org\/{rel}","templated":true}]}}