{"id":8705,"date":"2024-08-01T10:01:52","date_gmt":"2024-08-01T08:01:52","guid":{"rendered":"https:\/\/solidanca.con2webs.es\/talleres-gratuitos-en-la-tienda-de-roba-amiga-banyoles\/"},"modified":"2024-08-02T10:43:22","modified_gmt":"2024-08-02T08:43:22","slug":"talleres-gratuitos-en-la-tienda-de-roba-amiga-banyoles","status":"publish","type":"post","link":"https:\/\/solidanca.cat\/es\/talleres-gratuitos-en-la-tienda-de-roba-amiga-banyoles\/","title":{"rendered":"Talleres gratuitos en la tienda de Roba Amiga Banyoles"},"content":{"rendered":"<p>Nos preparamos para poner en marcha un septiembre lleno de actividades variadas, destacando el nuevo ciclo de <strong>talleres de costura y arreglos en la tienda Ropa Amiga de Banyoles situada en la calle de la Rambla, 18<\/strong>.<\/p>\n<p><a href=\"https:\/\/solidanca.cat\/wp-content\/uploads\/2024\/08\/CARTELLS-a3.png\"><img loading=\"lazy\" decoding=\"async\" class=\" wp-image-55835 alignright\" src=\"https:\/\/solidanca.cat\/wp-content\/uploads\/2024\/08\/CARTELLS-a3.png\" alt=\"\" width=\"406\" height=\"574\" \/><\/a><br \/>\nEstos talleres son totalmente gratuitos y se realizar\u00e1n entre los meses de septiembre a diciembre, con el objetivo de ofrecer a la vecindad todos los recursos necesarios para aprender a hacer, desde las primeras patadas, arreglos algo m\u00e1s complicados, hasta t\u00e9cnicas de upcycling para reconvertir las prendas que ya no se pueden utilizar. Con esta finalidad, lo que se pretende es empoderar a la ciudadan\u00eda a trav\u00e9s de la costura y sensibilizarla hacia la problem\u00e1tica del residuo textil, concienciando de la importancia de hacer un buen mantenimiento en las prendas y alargar su vida en a trav\u00e9s de los arreglos.<\/p>\n<p>\u00bfQuieres adentrarte en el mundo de la costura y no sabes por d\u00f3nde empezar? Ap\u00fantate en los talleres en el siguiente enlace: en la web de<strong><a href=\"https:\/\/cerclezero.cat\/organitzador-activitat\/adad\/\" target=\"_blank\" rel=\"noopener\"> www.cerclezero.cat<\/a><\/strong> o en la misma tienda. <em><a href=\"https:\/\/cerclezero.cat\/organitzador-activitat\/adad\/\" target=\"_blank\" rel=\"noopener\">\u00a1Corre, reserva tu plaza!<\/a><\/em><\/p>\n<p>\u00a1Consulta todos los talleres en el siguiente cartel y comp\u00e1rtelo con la gente de tu alrededor!<\/p>\n<p>Esta tienda est\u00e1 impulsada por ADAD L&#8217;Encant, entidad miembro del grupo Solidan\u00e7a, y siguiendo la l\u00ednea de todas las tiendas, promovemos que estas sean m\u00e1s que un espacio de venta. Es as\u00ed como fomentamos la sensibilizaci\u00f3n hacia el medio ambiente y la acci\u00f3n social y proponemos actividades que empoderen a la ciudadan\u00eda a la autorreparaci\u00f3n para dar las herramientas para alargar la vida a sus prendas y dar una segunda vida.<\/p>\n<p>Con el objetivo de luchar contra el cambio clim\u00e1tico, promovemos una econom\u00eda circular con valor social que siga nuestro lema:<\/p>\n<blockquote><p>Un compromiso con las personas y una apuesta por el medio ambiente.<\/p><\/blockquote>\n<p>Esta tienda recibe el apoyo de la Ag\u00e8ncia de Residus de Catalunya para impulsar la econom\u00eda circular y el comercio local y barrio.<\/p>\n<blockquote><p><a href=\"https:\/\/solidanca.cat\/wp-content\/uploads\/2024\/06\/harm_ARC_GENERALITAT_color_horitzontal_png.png\"><img loading=\"lazy\" decoding=\"async\" class=\"wp-image-47420 aligncenter\" src=\"https:\/\/solidanca.cat\/wp-content\/uploads\/2024\/06\/harm_ARC_GENERALITAT_color_horitzontal_png.png\" alt=\"\" width=\"341\" height=\"59\" \/><\/a><\/p><\/blockquote>\n<p>Seguimos promoviendo la moda sostenible y circular y la creaci\u00f3n de empleo para inserci\u00f3n sociolaboral.<\/p>\n<p>&nbsp;<\/p>\n","protected":false},"excerpt":{"rendered":"<p>Nos preparamos para poner en marcha un septiembre lleno de actividades variadas, destacando el nuevo ciclo de talleres de costura y&#8230;<\/p>\n","protected":false},"author":2,"featured_media":7362,"comment_status":"open","ping_status":"closed","sticky":false,"template":"","format":"standard","meta":{"_uag_custom_page_level_css":"","_kad_blocks_custom_css":"","_kad_blocks_head_custom_js":"","_kad_blocks_body_custom_js":"","_kad_blocks_footer_custom_js":"","_kad_post_transparent":"","_kad_post_title":"","_kad_post_layout":"","_kad_post_sidebar_id":"","_kad_post_content_style":"","_kad_post_vertical_padding":"","_kad_post_feature":"","_kad_post_feature_position":"","_kad_post_header":false,"_kad_post_footer":false,"_kad_post_classname":"","footnotes":""},"categories":[757,761,756],"tags":[],"class_list":["post-8705","post","type-post","status-publish","format-standard","has-post-thumbnail","hentry","category-educacion-ambiental","category-medio-ambiente","category-tiendas"],"taxonomy_info":{"category":[{"value":757,"label":"Educaci\u00f3n ambiental"},{"value":761,"label":"MEDIO AMBIENTE"},{"value":756,"label":"Tiendas"}]},"featured_image_src_large":["https:\/\/solidanca.cat\/wp-content\/uploads\/2025\/04\/FOTO-NOTICIES-WEB-7-17.png",800,400,false],"author_info":{"display_name":"Solidan\u00e7a","author_link":"https:\/\/solidanca.cat\/es\/author\/alberg\/"},"comment_info":0,"category_info":[{"term_id":757,"name":"Educaci\u00f3n ambiental","slug":"educacion-ambiental","term_group":0,"term_taxonomy_id":757,"taxonomy":"category","description":"","parent":0,"count":80,"filter":"raw","cat_ID":757,"category_count":80,"category_description":"","cat_name":"Educaci\u00f3n ambiental","category_nicename":"educacion-ambiental","category_parent":0},{"term_id":761,"name":"MEDIO AMBIENTE","slug":"medio-ambiente","term_group":0,"term_taxonomy_id":761,"taxonomy":"category","description":"","parent":0,"count":263,"filter":"raw","cat_ID":761,"category_count":263,"category_description":"","cat_name":"MEDIO AMBIENTE","category_nicename":"medio-ambiente","category_parent":0},{"term_id":756,"name":"Tiendas","slug":"tiendas","term_group":0,"term_taxonomy_id":756,"taxonomy":"category","description":"","parent":0,"count":60,"filter":"raw","cat_ID":756,"category_count":60,"category_description":"","cat_name":"Tiendas","category_nicename":"tiendas","category_parent":0}],"tag_info":false,"uagb_featured_image_src":{"full":["https:\/\/solidanca.cat\/wp-content\/uploads\/2025\/04\/FOTO-NOTICIES-WEB-7-17.png",800,400,false],"thumbnail":["https:\/\/solidanca.cat\/wp-content\/uploads\/2025\/04\/FOTO-NOTICIES-WEB-7-17-150x150.png",150,150,true],"medium":["https:\/\/solidanca.cat\/wp-content\/uploads\/2025\/04\/FOTO-NOTICIES-WEB-7-17-300x150.png",300,150,true],"medium_large":["https:\/\/solidanca.cat\/wp-content\/uploads\/2025\/04\/FOTO-NOTICIES-WEB-7-17-768x384.png",768,384,true],"large":["https:\/\/solidanca.cat\/wp-content\/uploads\/2025\/04\/FOTO-NOTICIES-WEB-7-17.png",800,400,false],"1536x1536":["https:\/\/solidanca.cat\/wp-content\/uploads\/2025\/04\/FOTO-NOTICIES-WEB-7-17.png",800,400,false],"2048x2048":["https:\/\/solidanca.cat\/wp-content\/uploads\/2025\/04\/FOTO-NOTICIES-WEB-7-17.png",800,400,false]},"uagb_author_info":{"display_name":"Solidan\u00e7a","author_link":"https:\/\/solidanca.cat\/es\/author\/alberg\/"},"uagb_comment_info":0,"uagb_excerpt":"Nos preparamos para poner en marcha un septiembre lleno de actividades variadas, destacando el nuevo ciclo de talleres de costura y...","_links":{"self":[{"href":"https:\/\/solidanca.cat\/es\/wp-json\/wp\/v2\/posts\/8705","targetHints":{"allow":["GET"]}}],"collection":[{"href":"https:\/\/solidanca.cat\/es\/wp-json\/wp\/v2\/posts"}],"about":[{"href":"https:\/\/solidanca.cat\/es\/wp-json\/wp\/v2\/types\/post"}],"author":[{"embeddable":true,"href":"https:\/\/solidanca.cat\/es\/wp-json\/wp\/v2\/users\/2"}],"replies":[{"embeddable":true,"href":"https:\/\/solidanca.cat\/es\/wp-json\/wp\/v2\/comments?post=8705"}],"version-history":[{"count":0,"href":"https:\/\/solidanca.cat\/es\/wp-json\/wp\/v2\/posts\/8705\/revisions"}],"wp:featuredmedia":[{"embeddable":true,"href":"https:\/\/solidanca.cat\/es\/wp-json\/wp\/v2\/media\/7362"}],"wp:attachment":[{"href":"https:\/\/solidanca.cat\/es\/wp-json\/wp\/v2\/media?parent=8705"}],"wp:term":[{"taxonomy":"category","embeddable":true,"href":"https:\/\/solidanca.cat\/es\/wp-json\/wp\/v2\/categories?post=8705"},{"taxonomy":"post_tag","embeddable":true,"href":"https:\/\/solidanca.cat\/es\/wp-json\/wp\/v2\/tags?post=8705"}],"curies":[{"name":"wp","href":"https:\/\/api.w.org\/{rel}","templated":true}]}}