{"id":8719,"date":"2024-09-03T07:30:28","date_gmt":"2024-09-03T05:30:28","guid":{"rendered":"https:\/\/solidanca.con2webs.es\/mataro-ha-recogido-761-507kg-de-residuos-en-el-tercer-ano-del-servicio-de-recogida-de-voluminosos\/"},"modified":"2025-04-02T13:25:55","modified_gmt":"2025-04-02T11:25:55","slug":"mataro-ha-recogido-761-507kg-de-residuos-en-el-tercer-ano-del-servicio-de-recogida-de-voluminosos","status":"publish","type":"post","link":"https:\/\/solidanca.cat\/es\/mataro-ha-recogido-761-507kg-de-residuos-en-el-tercer-ano-del-servicio-de-recogida-de-voluminosos\/","title":{"rendered":"Solidan\u00e7a recoge 761.507kg de residuos voluminosos en Matar\u00f3"},"content":{"rendered":"<h5>La ciudad de Matar\u00f3 lleva recogidos 761.507kg de muebles y trastos viejos en su tercer a\u00f1o consecutivo llevando a cabo el servicio a domicilio promovido por la entidad social Solidan\u00e7a.<\/h5>\n<p>El servicio municipal de recogida de voluminosos impulsado por Solidan\u00e7a lleva en marcha en Matar\u00f3 desde 2021. En esta localidad, optaron por un modelo innovador de la recogida a domicilio seg\u00fan demanda. Este nuevo modelo permite una <strong>mejor preservaci\u00f3n de los residuos que se encuentran en buen estado y favorece su posterior reutilizaci\u00f3n.<\/strong><\/p>\n<p>Durante el inicio de su tercer a\u00f1o en septiembre de 2023, hasta junio de 2024 se han recogido un total de <strong>761.507kg de residuos voluminosos<\/strong> en la capital del Maresme, a trav\u00e9s de 9.295 servicios. Tras pasar por un tratamiento de preparaci\u00f3n para su reutilizaci\u00f3n, <strong>8.006kg de estos residuos se han podido reutilizar<\/strong> y reaprovechar como art\u00edculos de valor.<\/p>\n<p>Este servicio tiene como objetivo fomentar la prevenci\u00f3n y preparaci\u00f3n para la reutilizaci\u00f3n de muebles y otros residuos voluminosos, alargando su vida y generando una econom\u00eda circular. De modo que residuos que habr\u00edan terminado en la incineradora puedan ser reaprovechados y vuelvan a ser \u00fatiles a trav\u00e9s de la venta de segunda mano en la tienda de Solidan\u00e7a, situada en la calle Ronda de Alfons X el Sabio, 147.<\/p>\n<p>Desde el Ayuntamiento de Matar\u00f3 y de la entidad social Solidan\u00e7a quieren <strong>mejorar la calidad ambiental<\/strong> a trav\u00e9s de este servicio, pero tambi\u00e9n quieren promover la creaci\u00f3n de nuevos puestos de trabajo. En este \u00faltimo per\u00edodo, <strong>se han generado 16 puestos de trabajo para personas en situaci\u00f3n de vulnerabilidad social<\/strong> a trav\u00e9s de un itinerario de inserci\u00f3n sociolaboral dirigido por Solidan\u00e7a, que acompa\u00f1a a estas personas durante todo el proceso de inserci\u00f3n en el mundo laboral.<\/p>\n<p>Por otra parte, Solidan\u00e7a tambi\u00e9n colabora con el Ayuntamiento de Matar\u00f3 con la recogida de ropa y gesti\u00f3n del residuo textil a trav\u00e9s del programa Roba Amiga y cuenta con su propia tienda, donde se pueden encontrar todo tipo de art\u00edculo reaprovechado, y tres puntos limpios, uno de los cuales siente un punto limpio m\u00f3vil. Estos proyectos ayudan a que puedan alcanzar sus objetivos de mejorar el medio ambiente y la econom\u00eda circular y social y fomentar la reinserci\u00f3n laboral de personas en situaci\u00f3n de vulnerabilidad social.<\/p>\n","protected":false},"excerpt":{"rendered":"<p>La ciudad de Matar\u00f3 lleva recogidos 761.507kg de muebles y trastos viejos en su tercer a\u00f1o consecutivo llevando a cabo el&#8230;<\/p>\n","protected":false},"author":2,"featured_media":7390,"comment_status":"open","ping_status":"closed","sticky":false,"template":"","format":"standard","meta":{"_uag_custom_page_level_css":"","_kad_blocks_custom_css":"","_kad_blocks_head_custom_js":"","_kad_blocks_body_custom_js":"","_kad_blocks_footer_custom_js":"","_kad_post_transparent":"","_kad_post_title":"","_kad_post_layout":"","_kad_post_sidebar_id":"","_kad_post_content_style":"","_kad_post_vertical_padding":"","_kad_post_feature":"","_kad_post_feature_position":"","_kad_post_header":false,"_kad_post_footer":false,"_kad_post_classname":"","footnotes":""},"categories":[763,761],"tags":[],"class_list":["post-8719","post","type-post","status-publish","format-standard","has-post-thumbnail","hentry","category-area-social-es","category-medio-ambiente"],"taxonomy_info":{"category":[{"value":763,"label":"Area Social"},{"value":761,"label":"MEDIO AMBIENTE"}]},"featured_image_src_large":["https:\/\/solidanca.cat\/wp-content\/uploads\/2025\/04\/FOTO-NOTICIES-WEB-89.png",800,400,false],"author_info":{"display_name":"Solidan\u00e7a","author_link":"https:\/\/solidanca.cat\/es\/author\/alberg\/"},"comment_info":0,"category_info":[{"term_id":763,"name":"Area Social","slug":"area-social-es","term_group":0,"term_taxonomy_id":763,"taxonomy":"category","description":"","parent":0,"count":208,"filter":"raw","cat_ID":763,"category_count":208,"category_description":"","cat_name":"Area Social","category_nicename":"area-social-es","category_parent":0},{"term_id":761,"name":"MEDIO AMBIENTE","slug":"medio-ambiente","term_group":0,"term_taxonomy_id":761,"taxonomy":"category","description":"","parent":0,"count":263,"filter":"raw","cat_ID":761,"category_count":263,"category_description":"","cat_name":"MEDIO AMBIENTE","category_nicename":"medio-ambiente","category_parent":0}],"tag_info":false,"uagb_featured_image_src":{"full":["https:\/\/solidanca.cat\/wp-content\/uploads\/2025\/04\/FOTO-NOTICIES-WEB-89.png",800,400,false],"thumbnail":["https:\/\/solidanca.cat\/wp-content\/uploads\/2025\/04\/FOTO-NOTICIES-WEB-89-150x150.png",150,150,true],"medium":["https:\/\/solidanca.cat\/wp-content\/uploads\/2025\/04\/FOTO-NOTICIES-WEB-89-300x150.png",300,150,true],"medium_large":["https:\/\/solidanca.cat\/wp-content\/uploads\/2025\/04\/FOTO-NOTICIES-WEB-89-768x384.png",768,384,true],"large":["https:\/\/solidanca.cat\/wp-content\/uploads\/2025\/04\/FOTO-NOTICIES-WEB-89.png",800,400,false],"1536x1536":["https:\/\/solidanca.cat\/wp-content\/uploads\/2025\/04\/FOTO-NOTICIES-WEB-89.png",800,400,false],"2048x2048":["https:\/\/solidanca.cat\/wp-content\/uploads\/2025\/04\/FOTO-NOTICIES-WEB-89.png",800,400,false]},"uagb_author_info":{"display_name":"Solidan\u00e7a","author_link":"https:\/\/solidanca.cat\/es\/author\/alberg\/"},"uagb_comment_info":0,"uagb_excerpt":"La ciudad de Matar\u00f3 lleva recogidos 761.507kg de muebles y trastos viejos en su tercer a\u00f1o consecutivo llevando a cabo el...","_links":{"self":[{"href":"https:\/\/solidanca.cat\/es\/wp-json\/wp\/v2\/posts\/8719","targetHints":{"allow":["GET"]}}],"collection":[{"href":"https:\/\/solidanca.cat\/es\/wp-json\/wp\/v2\/posts"}],"about":[{"href":"https:\/\/solidanca.cat\/es\/wp-json\/wp\/v2\/types\/post"}],"author":[{"embeddable":true,"href":"https:\/\/solidanca.cat\/es\/wp-json\/wp\/v2\/users\/2"}],"replies":[{"embeddable":true,"href":"https:\/\/solidanca.cat\/es\/wp-json\/wp\/v2\/comments?post=8719"}],"version-history":[{"count":1,"href":"https:\/\/solidanca.cat\/es\/wp-json\/wp\/v2\/posts\/8719\/revisions"}],"predecessor-version":[{"id":8803,"href":"https:\/\/solidanca.cat\/es\/wp-json\/wp\/v2\/posts\/8719\/revisions\/8803"}],"wp:featuredmedia":[{"embeddable":true,"href":"https:\/\/solidanca.cat\/es\/wp-json\/wp\/v2\/media\/7390"}],"wp:attachment":[{"href":"https:\/\/solidanca.cat\/es\/wp-json\/wp\/v2\/media?parent=8719"}],"wp:term":[{"taxonomy":"category","embeddable":true,"href":"https:\/\/solidanca.cat\/es\/wp-json\/wp\/v2\/categories?post=8719"},{"taxonomy":"post_tag","embeddable":true,"href":"https:\/\/solidanca.cat\/es\/wp-json\/wp\/v2\/tags?post=8719"}],"curies":[{"name":"wp","href":"https:\/\/api.w.org\/{rel}","templated":true}]}}