{"id":8783,"date":"2024-11-26T09:34:25","date_gmt":"2024-11-26T08:34:25","guid":{"rendered":"https:\/\/solidanca.con2webs.es\/una-nueva-edicion-del-mercado-de-juguetes-de-segunda-mano\/"},"modified":"2024-11-26T09:35:41","modified_gmt":"2024-11-26T08:35:41","slug":"una-nueva-edicion-del-mercado-de-juguetes-de-segunda-mano","status":"publish","type":"post","link":"https:\/\/solidanca.cat\/es\/una-nueva-edicion-del-mercado-de-juguetes-de-segunda-mano\/","title":{"rendered":"Una nueva edici\u00f3n del mercado de juguetes de segunda mano"},"content":{"rendered":"<p>Para estas fiestas, la tienda \u201cla Nau\u201d de Solidan\u00e7a, situada en la Calle <span data-contrast=\"auto\">Raval de les Begudes<\/span> 25 en Sant Joan Desp\u00ed, se llenar\u00e1 de j<strong>uguetes de segunda mano a precios muy econ\u00f3micos<\/strong> con el prop\u00f3sito de alargar la vida \u00fatil de estos art\u00edculos y asegurarse de que ning\u00fan ni\u00f1o se queda sin regalo.<\/p>\n<p>El pr\u00f3ximo 6 de diciembre, coincidiendo con el d\u00eda festivo,<strong> la tienda \u201cla Nau\u201d abrir\u00e1 sus puertas de 9 a 14 horas<\/strong> para acoger este mercado, que ya se ha convertido en una tradici\u00f3n esperada por muchas familias. La entrada ser\u00e1 totalmente gratuita y los visitantes podr\u00e1n elegir entre m\u00e1s de <strong>3000 juguetes de todo tipo con precios de entre 1 y 15 euros.<\/strong><span data-contrast=\"auto\">\u00a0<\/span><span data-ccp-props=\"{&quot;134233117&quot;:false,&quot;134233118&quot;:false,&quot;335551550&quot;:1,&quot;335551620&quot;:1,&quot;335559738&quot;:240,&quot;335559739&quot;:240}\">\u00a0<a href=\"https:\/\/solidanca.cat\/wp-content\/uploads\/2024\/11\/CARTELLS-GENERALS-a3-2.png\"><img loading=\"lazy\" decoding=\"async\" class=\"wp-image-65176 alignright\" src=\"https:\/\/solidanca.cat\/wp-content\/uploads\/2024\/11\/CARTELLS-GENERALS-a3-2.png\" alt=\"\" width=\"316\" height=\"447\" \/><\/a><\/span><\/p>\n<p>Este evento es fruto de las donaciones que nos llegan a Solidan\u00e7a, donde las recogemos y seleccionamos para posteriormente ponerlas a la venta.<\/p>\n<p>De esta manera, se da una segunda vida a estos art\u00edculos, evitando que se conviertan en residuo, y al mismo tiempo ofreciendo a todas las familias la oportunidad de obsequiar a sus ni\u00f1os con un regalo sostenible durante las fiestas.<\/p>\n<p>Estas Navidades, la solidaridad y la sostenibilidad pueden ser los mejores regalos. Con cada compra en nuestras tiendas, los clientes <strong>reducen su huella ecol\u00f3gica<\/strong> y apuestan por una iniciativa con una vertiente social, puesto que <strong>ayudan a crear puestos de trabajo<\/strong> para personas en situaci\u00f3n de vulnerabilidad social.<\/p>\n<p>\u00a1No se pierdan esta oportunidad \u00fanica de celebrar unas fiestas m\u00e1s responsables y respetuosas con el medio ambiente!<\/p>\n<p><span data-ccp-props=\"{&quot;134233117&quot;:false,&quot;134233118&quot;:false,&quot;335551550&quot;:1,&quot;335551620&quot;:1,&quot;335559738&quot;:240,&quot;335559739&quot;:240}\"> <a href=\"https:\/\/solidanca.cat\/wp-content\/uploads\/2024\/11\/hIhA-INsercio-DIBA-768x116-1-e1733829044212.png\"><img loading=\"lazy\" decoding=\"async\" class=\"alignleft size-full wp-image-64838\" src=\"https:\/\/solidanca.cat\/wp-content\/uploads\/2024\/11\/hIhA-INsercio-DIBA-768x116-1-e1733829044212.png\" alt=\"\" width=\"268\" height=\"115\" \/><\/a><\/span><\/p>\n","protected":false},"excerpt":{"rendered":"<p>Para estas fiestas, la tienda \u201cla Nau\u201d de Solidan\u00e7a, situada en la Calle Raval de les Begudes 25 en Sant Joan&#8230;<\/p>\n","protected":false},"author":2,"featured_media":7540,"comment_status":"open","ping_status":"closed","sticky":false,"template":"","format":"standard","meta":{"_uag_custom_page_level_css":"","_kad_blocks_custom_css":"","_kad_blocks_head_custom_js":"","_kad_blocks_body_custom_js":"","_kad_blocks_footer_custom_js":"","_kad_post_transparent":"","_kad_post_title":"","_kad_post_layout":"","_kad_post_sidebar_id":"","_kad_post_content_style":"","_kad_post_vertical_padding":"","_kad_post_feature":"","_kad_post_feature_position":"","_kad_post_header":false,"_kad_post_footer":false,"_kad_post_classname":"","footnotes":""},"categories":[8],"tags":[],"class_list":["post-8783","post","type-post","status-publish","format-standard","has-post-thumbnail","hentry","category-sin-categorizar"],"taxonomy_info":{"category":[{"value":8,"label":"Sin categorizar"}]},"featured_image_src_large":["https:\/\/solidanca.cat\/wp-content\/uploads\/2025\/04\/FOTO-NOTICIES-WEB-1-58.png",800,400,false],"author_info":{"display_name":"Solidan\u00e7a","author_link":"https:\/\/solidanca.cat\/es\/author\/alberg\/"},"comment_info":0,"category_info":[{"term_id":8,"name":"Sin categorizar","slug":"sin-categorizar","term_group":0,"term_taxonomy_id":8,"taxonomy":"category","description":"","parent":0,"count":199,"filter":"raw","cat_ID":8,"category_count":199,"category_description":"","cat_name":"Sin categorizar","category_nicename":"sin-categorizar","category_parent":0}],"tag_info":false,"uagb_featured_image_src":{"full":["https:\/\/solidanca.cat\/wp-content\/uploads\/2025\/04\/FOTO-NOTICIES-WEB-1-58.png",800,400,false],"thumbnail":["https:\/\/solidanca.cat\/wp-content\/uploads\/2025\/04\/FOTO-NOTICIES-WEB-1-58-150x150.png",150,150,true],"medium":["https:\/\/solidanca.cat\/wp-content\/uploads\/2025\/04\/FOTO-NOTICIES-WEB-1-58-300x150.png",300,150,true],"medium_large":["https:\/\/solidanca.cat\/wp-content\/uploads\/2025\/04\/FOTO-NOTICIES-WEB-1-58-768x384.png",768,384,true],"large":["https:\/\/solidanca.cat\/wp-content\/uploads\/2025\/04\/FOTO-NOTICIES-WEB-1-58.png",800,400,false],"1536x1536":["https:\/\/solidanca.cat\/wp-content\/uploads\/2025\/04\/FOTO-NOTICIES-WEB-1-58.png",800,400,false],"2048x2048":["https:\/\/solidanca.cat\/wp-content\/uploads\/2025\/04\/FOTO-NOTICIES-WEB-1-58.png",800,400,false]},"uagb_author_info":{"display_name":"Solidan\u00e7a","author_link":"https:\/\/solidanca.cat\/es\/author\/alberg\/"},"uagb_comment_info":0,"uagb_excerpt":"Para estas fiestas, la tienda \u201cla Nau\u201d de Solidan\u00e7a, situada en la Calle Raval de les Begudes 25 en Sant Joan...","_links":{"self":[{"href":"https:\/\/solidanca.cat\/es\/wp-json\/wp\/v2\/posts\/8783","targetHints":{"allow":["GET"]}}],"collection":[{"href":"https:\/\/solidanca.cat\/es\/wp-json\/wp\/v2\/posts"}],"about":[{"href":"https:\/\/solidanca.cat\/es\/wp-json\/wp\/v2\/types\/post"}],"author":[{"embeddable":true,"href":"https:\/\/solidanca.cat\/es\/wp-json\/wp\/v2\/users\/2"}],"replies":[{"embeddable":true,"href":"https:\/\/solidanca.cat\/es\/wp-json\/wp\/v2\/comments?post=8783"}],"version-history":[{"count":0,"href":"https:\/\/solidanca.cat\/es\/wp-json\/wp\/v2\/posts\/8783\/revisions"}],"wp:featuredmedia":[{"embeddable":true,"href":"https:\/\/solidanca.cat\/es\/wp-json\/wp\/v2\/media\/7540"}],"wp:attachment":[{"href":"https:\/\/solidanca.cat\/es\/wp-json\/wp\/v2\/media?parent=8783"}],"wp:term":[{"taxonomy":"category","embeddable":true,"href":"https:\/\/solidanca.cat\/es\/wp-json\/wp\/v2\/categories?post=8783"},{"taxonomy":"post_tag","embeddable":true,"href":"https:\/\/solidanca.cat\/es\/wp-json\/wp\/v2\/tags?post=8783"}],"curies":[{"name":"wp","href":"https:\/\/api.w.org\/{rel}","templated":true}]}}