{"id":8805,"date":"2025-01-10T11:00:23","date_gmt":"2025-01-10T10:00:23","guid":{"rendered":"https:\/\/solidanca.con2webs.es\/82-alumnos-se-han-formado-en-el-centro-de-formacion-solidanca-en-2024\/"},"modified":"2025-01-10T11:00:07","modified_gmt":"2025-01-10T10:00:07","slug":"82-alumnos-se-han-formado-en-el-centro-de-formacion-solidanca-en-2024","status":"publish","type":"post","link":"https:\/\/solidanca.cat\/es\/82-alumnos-se-han-formado-en-el-centro-de-formacion-solidanca-en-2024\/","title":{"rendered":"82 alumnos se han formado en el Centro de Formaci\u00f3n Solidan\u00e7a en 2024"},"content":{"rendered":"<p>En el Centro de Formaci\u00f3n Solidan\u00e7a, situado en Sant Just Desvern, <strong>ofrecemos formaciones profesionalizadoras y prelaborales gratuitas<\/strong>, que incluyen orientaci\u00f3n y acompa\u00f1amiento tutorizado por un equipo de profesionales multidisciplinar con formaci\u00f3n y experiencia en el \u00e1mbito.<\/p>\n<p>En 2024 <strong>hemos atendido a 82 alumnos en este centro con m\u00e1s de 760 horas de formaci\u00f3n<\/strong> en diversos cursos y \u00e1reas educativas, con el objetivo de desarrollar sus competencias transversales, mejorar las habilidades de b\u00fasqueda de empleo y ofreciendo la posibilidad de realizar pr\u00e1cticas en empresas del sector para que las alumnas adquieran las capacidades necesarias para poder insertarse en el, cada vez m\u00e1s competitivo, mercado laboral.<\/p>\n<p>A continuaci\u00f3n, presentamos las f<strong>ormaciones m\u00e1s relevantes que se han llevado a cabo a lo largo de 2024,<\/strong> acompa\u00f1adas de un resumen de sus principales resultados e impactos.<\/p>\n<p>&nbsp;<\/p>\n<h3>Formaciones del programa INCORPORA<\/h3>\n<p>Solidan\u00e7a forma parte del <a href=\"https:\/\/solidanca.cat\/programa-incorpora-de-lobra-social-la-caixa\/\"><strong>programa INCORPORA de la Fundaci\u00f3n \u00abLa Caixa\u00bb<\/strong><\/a> como Punto Formativo. Desde la entidad ofrecemos un servicio gratuito con t\u00e9cnicos de inserci\u00f3n laboral que proporcionan todo el soporte en las diferentes fases del proceso de investigaci\u00f3n y formaci\u00f3n de los usuarios. Este a\u00f1o, hemos ofrecido dos acciones formativas:<\/p>\n<h4>Curso de Operario\/a de Almac\u00e9n E-commerce, con carnet carretonero<\/h4>\n<p>12 alumnos realizaron este curso que cont\u00f3 con 285 horas de formaci\u00f3n donde adquirieron las habilidades y conocimientos necesarios para llevar a cabo las <strong>tareas operativas y log\u00edsticas dentro de un almac\u00e9n<\/strong> o centro de distribuci\u00f3n.<\/p>\n<h4>Curso de atenci\u00f3n al cliente en el sector del comercio.<\/h4>\n<p>El <strong>sector del comercio es uno de los principales generadores de empleo en Catalu\u00f1a<\/strong>, lo que subraya la importancia de la formaci\u00f3n en este \u00e1mbito para incrementar las oportunidades de inserci\u00f3n laboral. La \u00faltima formaci\u00f3n en este \u00e1mbito participaron 14 alumnas en 280 horas de formaci\u00f3n.<\/p>\n<p>&nbsp;<\/p>\n<h3>Formaciones del programa TREBALLA&#8217;T<\/h3>\n<p>El programa Traballa&#8217;t de formaci\u00f3n y acompa\u00f1amiento a la inserci\u00f3n es una iniciativa que tiene el objetivo de <a href=\"https:\/\/solidanca.cat\/torna-treballat-un-projecte-de-formacio-i-acompanyament-de-persones-aturades\/\">incrementar la empleabilidad<\/a> de las personas que se encuentran en situaci\u00f3n de desempleo con la <strong>adquisici\u00f3n de competencias t\u00e9cnicas y transversales<\/strong>, as\u00ed como de <strong>conocimientos en TIC y en b\u00fasqueda de empleo<\/strong>, a trav\u00e9s de itinerarios personalizados de inserci\u00f3n. Este proyecto es ejecutado por Solidan\u00e7a en colaboraci\u00f3n con FdMA, impulsado por el \u00c1rea de Promoci\u00f3n Econ\u00f3mica del Ayuntamiento de Sant Vicen\u00e7 dels Horts, donde se llevan a cabo las formaciones, con el apoyo del \u00c1rea Metropolitana de Barcelona.<\/p>\n<h4>Competencia Tic B\u00e1sica<\/h4>\n<p>Esta formaci\u00f3n de 50 horas permiti\u00f3 desarrollar a 9 alumnos las competencias b\u00e1sicas necesarias para <strong>gestionar tr\u00e1mites vinculados a la b\u00fasqueda de empleo.<\/strong> Los contenidos incluyeron la elaboraci\u00f3n de curr\u00edculums, el env\u00edo de documentaci\u00f3n a trav\u00e9s del correo electr\u00f3nico y el uso de plataformas digitales para buscar ofertas laborales.<\/p>\n<h4>Formaci\u00f3n carretillas frontal y retr\u00e1ctil<\/h4>\n<p>Con un total de 90 horas, esta formaci\u00f3n se enfoc\u00f3 en dotar a 11 alumnos de los <strong>conocimientos te\u00f3ricos y pr\u00e1cticos necesarios<\/strong> para manejar con seguridad y eficiencia los dos tipos de carretillas m\u00e1s utilizadas en entornos de almac\u00e9n, contribuyendo as\u00ed a la mejora de su empleabilidad en el sector log\u00edstico.<\/p>\n<h4>Taller de Curr\u00edculum<\/h4>\n<p>Este taller de 8 horas de formaci\u00f3n, los alumnos recibieron asesoramiento personalizado para la <strong>creaci\u00f3n y actualizaci\u00f3n de sus curr\u00edculums<\/strong>, adapt\u00e1ndolos a las necesidades y tendencias del actual mercado laboral.<\/p>\n<h4>Taller de T\u00e9cnicas de b\u00fasqueda de empleo<\/h4>\n<p>A lo largo de 40 horas de formaci\u00f3n, el personal t\u00e9cnico gui\u00f3 a 16 alumnos en el uso de diferentes <strong>herramientas para la b\u00fasqueda activa de trabajo<\/strong>, como la explotaci\u00f3n de redes personales, el uso de portales de empleo online y la b\u00fasqueda directa de ofertas laborales en las empresas.<\/p>\n<h4>Taller Entrevista de trabajo<\/h4>\n<p>La entrevista laboral es una etapa decisiva en el proceso de selecci\u00f3n. Por este motivo, cuatro alumnos participaron en un taller especializado de 16 horas, donde se <strong>prepararon para diversos tipos de entrevistas<\/strong> individuales, grupales y online, con el acompa\u00f1amiento y asesoramiento de nuestro personal t\u00e9cnico.<\/p>\n<p>Para 2025, desde Solidan\u00e7a mantendremos nuestro compromiso con la promoci\u00f3n y mejora de la inserci\u00f3n laboral de personas en situaci\u00f3n de vulnerabilidad social. A trav\u00e9s de los distintos programas formativos continuaremos ofreciendo oportunidades profesionales para las personas.<\/p>\n<p>Con el apoyo de:<br \/>\n<a href=\"https:\/\/solidanca.cat\/wp-content\/uploads\/2025\/01\/TREBALLAT-1.png\"><img loading=\"lazy\" decoding=\"async\" class=\"alignleft wp-image-65990\" src=\"https:\/\/solidanca.cat\/wp-content\/uploads\/2025\/01\/TREBALLAT-1.png\" alt=\"\" width=\"360\" height=\"360\" \/><\/a><a href=\"https:\/\/solidanca.cat\/wp-content\/uploads\/2024\/03\/Logo_Fund-La-Caixa.jpg\"><img loading=\"lazy\" decoding=\"async\" class=\"alignleft wp-image-17905\" src=\"https:\/\/solidanca.cat\/wp-content\/uploads\/2024\/03\/Logo_Fund-La-Caixa.jpg\" alt=\"\" width=\"229\" height=\"126\" \/><\/a><\/p>\n","protected":false},"excerpt":{"rendered":"<p>En el Centro de Formaci\u00f3n Solidan\u00e7a, situado en Sant Just Desvern, ofrecemos formaciones profesionalizadoras y prelaborales gratuitas, que incluyen orientaci\u00f3n y&#8230;<\/p>\n","protected":false},"author":2,"featured_media":7605,"comment_status":"open","ping_status":"closed","sticky":false,"template":"","format":"standard","meta":{"_uag_custom_page_level_css":"","_kad_blocks_custom_css":"","_kad_blocks_head_custom_js":"","_kad_blocks_body_custom_js":"","_kad_blocks_footer_custom_js":"","_kad_post_transparent":"","_kad_post_title":"","_kad_post_layout":"","_kad_post_sidebar_id":"","_kad_post_content_style":"","_kad_post_vertical_padding":"","_kad_post_feature":"","_kad_post_feature_position":"","_kad_post_header":false,"_kad_post_footer":false,"_kad_post_classname":"","footnotes":""},"categories":[8],"tags":[],"class_list":["post-8805","post","type-post","status-publish","format-standard","has-post-thumbnail","hentry","category-sin-categorizar"],"taxonomy_info":{"category":[{"value":8,"label":"Sin categorizar"}]},"featured_image_src_large":["https:\/\/solidanca.cat\/wp-content\/uploads\/2025\/04\/FOTO-NOTICIES-WEB-95.png",800,400,false],"author_info":{"display_name":"Solidan\u00e7a","author_link":"https:\/\/solidanca.cat\/es\/author\/alberg\/"},"comment_info":0,"category_info":[{"term_id":8,"name":"Sin categorizar","slug":"sin-categorizar","term_group":0,"term_taxonomy_id":8,"taxonomy":"category","description":"","parent":0,"count":199,"filter":"raw","cat_ID":8,"category_count":199,"category_description":"","cat_name":"Sin categorizar","category_nicename":"sin-categorizar","category_parent":0}],"tag_info":false,"uagb_featured_image_src":{"full":["https:\/\/solidanca.cat\/wp-content\/uploads\/2025\/04\/FOTO-NOTICIES-WEB-95.png",800,400,false],"thumbnail":["https:\/\/solidanca.cat\/wp-content\/uploads\/2025\/04\/FOTO-NOTICIES-WEB-95-150x150.png",150,150,true],"medium":["https:\/\/solidanca.cat\/wp-content\/uploads\/2025\/04\/FOTO-NOTICIES-WEB-95-300x150.png",300,150,true],"medium_large":["https:\/\/solidanca.cat\/wp-content\/uploads\/2025\/04\/FOTO-NOTICIES-WEB-95-768x384.png",768,384,true],"large":["https:\/\/solidanca.cat\/wp-content\/uploads\/2025\/04\/FOTO-NOTICIES-WEB-95.png",800,400,false],"1536x1536":["https:\/\/solidanca.cat\/wp-content\/uploads\/2025\/04\/FOTO-NOTICIES-WEB-95.png",800,400,false],"2048x2048":["https:\/\/solidanca.cat\/wp-content\/uploads\/2025\/04\/FOTO-NOTICIES-WEB-95.png",800,400,false]},"uagb_author_info":{"display_name":"Solidan\u00e7a","author_link":"https:\/\/solidanca.cat\/es\/author\/alberg\/"},"uagb_comment_info":0,"uagb_excerpt":"En el Centro de Formaci\u00f3n Solidan\u00e7a, situado en Sant Just Desvern, ofrecemos formaciones profesionalizadoras y prelaborales gratuitas, que incluyen orientaci\u00f3n y...","_links":{"self":[{"href":"https:\/\/solidanca.cat\/es\/wp-json\/wp\/v2\/posts\/8805","targetHints":{"allow":["GET"]}}],"collection":[{"href":"https:\/\/solidanca.cat\/es\/wp-json\/wp\/v2\/posts"}],"about":[{"href":"https:\/\/solidanca.cat\/es\/wp-json\/wp\/v2\/types\/post"}],"author":[{"embeddable":true,"href":"https:\/\/solidanca.cat\/es\/wp-json\/wp\/v2\/users\/2"}],"replies":[{"embeddable":true,"href":"https:\/\/solidanca.cat\/es\/wp-json\/wp\/v2\/comments?post=8805"}],"version-history":[{"count":0,"href":"https:\/\/solidanca.cat\/es\/wp-json\/wp\/v2\/posts\/8805\/revisions"}],"wp:featuredmedia":[{"embeddable":true,"href":"https:\/\/solidanca.cat\/es\/wp-json\/wp\/v2\/media\/7605"}],"wp:attachment":[{"href":"https:\/\/solidanca.cat\/es\/wp-json\/wp\/v2\/media?parent=8805"}],"wp:term":[{"taxonomy":"category","embeddable":true,"href":"https:\/\/solidanca.cat\/es\/wp-json\/wp\/v2\/categories?post=8805"},{"taxonomy":"post_tag","embeddable":true,"href":"https:\/\/solidanca.cat\/es\/wp-json\/wp\/v2\/tags?post=8805"}],"curies":[{"name":"wp","href":"https:\/\/api.w.org\/{rel}","templated":true}]}}