{"id":8842,"date":"2025-02-11T07:51:24","date_gmt":"2025-02-11T06:51:24","guid":{"rendered":"https:\/\/solidanca.con2webs.es\/el-ciclo-de-la-ropa-en-desuso-descubre-como-el-residuo-puede-tener-una-segunda-vida-2\/"},"modified":"2025-02-11T08:19:10","modified_gmt":"2025-02-11T07:19:10","slug":"el-ciclo-de-la-ropa-en-desuso-descubre-como-el-residuo-puede-tener-una-segunda-vida-2","status":"publish","type":"post","link":"https:\/\/solidanca.cat\/es\/el-ciclo-de-la-ropa-en-desuso-descubre-como-el-residuo-puede-tener-una-segunda-vida-2\/","title":{"rendered":"El ciclo de la ropa en desuso: descubre c\u00f3mo el residuo puede tener una segunda vida"},"content":{"rendered":"<p>La ropa en desuso que depositamos en los contenedores naranjas de Solidan\u00e7a \/ Roba Amiga sigue un circuito dise\u00f1ado para maximizar su <strong>reutilizaci\u00f3n, reciclaje e impacto social y ambiental.<\/strong> Este proceso est\u00e1 gestionado por la <strong>Cooperativa Ropa Amiga,<\/strong> integrada por siete empresas de inserci\u00f3n, con el objetivo de fomentar la <strong>econom\u00eda circular y dar oportunidades laborales<\/strong> a personas en riesgo de exclusi\u00f3n social.<\/p>\n<p>El ciclo comienza con la recogida de la ropa en los contenedores distribuidos por la v\u00eda p\u00fablica y otros puntos estrat\u00e9gicos. Una vez recogida, la ropa se traslada a la planta de Preparaci\u00f3n para la Reutilizaci\u00f3n de Solidan\u00e7a\/Ropa Amiga en Sant Just Desvern, donde pasa por un riguroso <strong>proceso de elecci\u00f3n y clasificaci\u00f3n<\/strong> para garantizar su trazabilidad. En funci\u00f3n de su estado, la ropa se destina a<strong> distintos canales de reutilizaci\u00f3n y reciclaje.<\/strong><\/p>\n<h4><strong><a href=\"https:\/\/solidanca.cat\/wp-content\/uploads\/2025\/02\/FRASES-Insta-@treball_solidanca-1080-x-1350-px.png\"><img loading=\"lazy\" decoding=\"async\" class=\"wp-image-66557  alignright\" src=\"https:\/\/solidanca.cat\/wp-content\/uploads\/2025\/02\/FRASES-Insta-@treball_solidanca-1080-x-1350-px.png\" alt=\"\" width=\"378\" height=\"473\" \/><\/a><\/strong><\/h4>\n<h4><strong>Una segunda oportunidad: las tiendas de segunda mano y familias en riesgo de exclusi\u00f3n<\/strong><\/h4>\n<p>Una parte importante de la ropa en buen estado se destina a la venta en las<strong> tiendas de Solidan\u00e7a\/Roba Amiga y Roba Amiga Girona<\/strong>, sumando un total de 18 establecimientos. Estas tiendas tienen un doble objetivo: ofrecer prendas de vestir a precios asequibles y fomentar un modelo de consumo responsable y sostenible. Puedes encontrar las distintas ubicaciones en<a href=\"https:\/\/solidanca.cat\/botigues\/\"><strong> este enlace.<\/strong><\/a><\/p>\n<p>Adem\u00e1s, a trav\u00e9s del <strong>Programa de Entrega Social,<\/strong> la entidad tambi\u00e9n<strong> facilita prendas de vestir a familias en riesgo de exclusi\u00f3n social<\/strong> y en situaci\u00f3n de pobreza material, en colaboraci\u00f3n con Servicios Sociales municipales.<\/p>\n<h4><strong>Exportaci\u00f3n y reciclaje para un futuro sostenible<\/strong><\/h4>\n<p>Cuando el mercado local no puede absorber toda la ropa recogida, \u00e9sta se comercializa en otros pa\u00edses que s\u00ed tienen demanda para asumirla. Esto permite <strong>generar puestos de trabajo y fortalecer las econom\u00edas locales<\/strong>, dando una nueva oportunidad a estas prendas.<\/p>\n<p>Por otra parte, la ropa que no es apta para la reutilizaci\u00f3n se destina al reciclaje. \u00c9sta se clasifica seg\u00fan su composici\u00f3n textil (algod\u00f3n, tejano, lana) y se transforma en <strong>nuevas hilaturas para la confecci\u00f3n de tejidos reciclados<\/strong> gracias a nuestros proyectos de innovaci\u00f3n. As\u00ed, se reduce la necesidad de producir materias primas nuevas y se evita el impacto ambiental asociado.<\/p>\n<h4><strong>Proyectos de innovaci\u00f3n y cogeneraci\u00f3n de energ\u00eda<\/strong><\/h4>\n<p>Incluso la ropa en estado irrecuperable puede tener una utilidad. Algunas prendas se destinan a proyectos innovadores como la colecci\u00f3n de<a href=\"https:\/\/circularsecondhand.org\/roba-upcycling\/\" target=\"_blank\" rel=\"noopener\"> Circular Upcycling<\/a>, el contenedor <a href=\"https:\/\/circularsecondhand.org\/upcycling\/\" target=\"_blank\" rel=\"noopener\">Circutex<\/a> y <a href=\"http:\/\/solidanca.cat\/creacio-de-noves-filatures-a-partir-de-llana-reciclada-amb-circular-wool\/\">Circular Wool,<\/a> iniciativas que exploran nuevas formas de reutilizaci\u00f3n creativa de los residuos textiles. Adem\u00e1s, un 5% del total recogido se destina a proyectos de cogeneraci\u00f3n el\u00e9ctrica y calor\u00edfica, contribuyendo a un modelo energ\u00e9tico m\u00e1s sostenible.<\/p>\n<h4><strong>Un modelo con impacto social y ambiental<\/strong><\/h4>\n<p>El modelo de gesti\u00f3n de la ropa en desuso de Roba Amiga genera un doble impacto positivo:<\/p>\n<ul>\n<li><strong>Social:<\/strong> promueve la creaci\u00f3n de puestos de trabajo para personas en riesgo de exclusi\u00f3n social, facilitando su inserci\u00f3n en el mercado laboral.<\/li>\n<li><strong>Ambiental:<\/strong> convierte el residuo en un recurso, evitando emisiones de CO\u2082 y reduciendo la cantidad de ropa que termina en vertederos.<\/li>\n<\/ul>\n<p>En este impacto socioambiental, la actividad que realizamos<strong> genera puestos de trabajo destinados a itinerarios de inserci\u00f3n sociolaboral<\/strong> para personas en situaci\u00f3n de vulnerabilidad social. Estos itinerarios incluyen acompa\u00f1amiento individualizado y formaci\u00f3n, con el objetivo de mejorar la empleabilidad y facilitar la reinserci\u00f3n en el mercado laboral ordinario.<\/p>\n<h4><strong>\u00a1Conoce m\u00e1s sobre nuestra entidad a trav\u00e9s de la Memoria de actividades de Fundaci\u00f3 Solidan\u00e7a!<\/strong><\/h4>\n","protected":false},"excerpt":{"rendered":"<p>La ropa en desuso que depositamos en los contenedores naranjas de Solidan\u00e7a \/ Roba Amiga sigue un circuito dise\u00f1ado para maximizar&#8230;<\/p>\n","protected":false},"author":2,"featured_media":8843,"comment_status":"open","ping_status":"closed","sticky":false,"template":"","format":"standard","meta":{"_uag_custom_page_level_css":"","_kad_blocks_custom_css":"","_kad_blocks_head_custom_js":"","_kad_blocks_body_custom_js":"","_kad_blocks_footer_custom_js":"","_kad_post_transparent":"","_kad_post_title":"","_kad_post_layout":"","_kad_post_sidebar_id":"","_kad_post_content_style":"","_kad_post_vertical_padding":"","_kad_post_feature":"","_kad_post_feature_position":"","_kad_post_header":false,"_kad_post_footer":false,"_kad_post_classname":"","footnotes":""},"categories":[763,761],"tags":[],"class_list":["post-8842","post","type-post","status-publish","format-standard","has-post-thumbnail","hentry","category-area-social-es","category-medio-ambiente"],"taxonomy_info":{"category":[{"value":763,"label":"Area Social"},{"value":761,"label":"MEDIO AMBIENTE"}]},"featured_image_src_large":["https:\/\/solidanca.cat\/wp-content\/uploads\/2025\/04\/FOTO-NOTICIES-WEB-2025-02-04T090500.822-8.jpg",800,400,false],"author_info":{"display_name":"Solidan\u00e7a","author_link":"https:\/\/solidanca.cat\/es\/author\/alberg\/"},"comment_info":0,"category_info":[{"term_id":763,"name":"Area Social","slug":"area-social-es","term_group":0,"term_taxonomy_id":763,"taxonomy":"category","description":"","parent":0,"count":205,"filter":"raw","cat_ID":763,"category_count":205,"category_description":"","cat_name":"Area Social","category_nicename":"area-social-es","category_parent":0},{"term_id":761,"name":"MEDIO AMBIENTE","slug":"medio-ambiente","term_group":0,"term_taxonomy_id":761,"taxonomy":"category","description":"","parent":0,"count":263,"filter":"raw","cat_ID":761,"category_count":263,"category_description":"","cat_name":"MEDIO AMBIENTE","category_nicename":"medio-ambiente","category_parent":0}],"tag_info":false,"uagb_featured_image_src":{"full":["https:\/\/solidanca.cat\/wp-content\/uploads\/2025\/04\/FOTO-NOTICIES-WEB-2025-02-04T090500.822-8.jpg",800,400,false],"thumbnail":["https:\/\/solidanca.cat\/wp-content\/uploads\/2025\/04\/FOTO-NOTICIES-WEB-2025-02-04T090500.822-8-150x150.jpg",150,150,true],"medium":["https:\/\/solidanca.cat\/wp-content\/uploads\/2025\/04\/FOTO-NOTICIES-WEB-2025-02-04T090500.822-8-300x150.jpg",300,150,true],"medium_large":["https:\/\/solidanca.cat\/wp-content\/uploads\/2025\/04\/FOTO-NOTICIES-WEB-2025-02-04T090500.822-8-768x384.jpg",768,384,true],"large":["https:\/\/solidanca.cat\/wp-content\/uploads\/2025\/04\/FOTO-NOTICIES-WEB-2025-02-04T090500.822-8.jpg",800,400,false],"1536x1536":["https:\/\/solidanca.cat\/wp-content\/uploads\/2025\/04\/FOTO-NOTICIES-WEB-2025-02-04T090500.822-8.jpg",800,400,false],"2048x2048":["https:\/\/solidanca.cat\/wp-content\/uploads\/2025\/04\/FOTO-NOTICIES-WEB-2025-02-04T090500.822-8.jpg",800,400,false]},"uagb_author_info":{"display_name":"Solidan\u00e7a","author_link":"https:\/\/solidanca.cat\/es\/author\/alberg\/"},"uagb_comment_info":0,"uagb_excerpt":"La ropa en desuso que depositamos en los contenedores naranjas de Solidan\u00e7a \/ Roba Amiga sigue un circuito dise\u00f1ado para maximizar...","_links":{"self":[{"href":"https:\/\/solidanca.cat\/es\/wp-json\/wp\/v2\/posts\/8842","targetHints":{"allow":["GET"]}}],"collection":[{"href":"https:\/\/solidanca.cat\/es\/wp-json\/wp\/v2\/posts"}],"about":[{"href":"https:\/\/solidanca.cat\/es\/wp-json\/wp\/v2\/types\/post"}],"author":[{"embeddable":true,"href":"https:\/\/solidanca.cat\/es\/wp-json\/wp\/v2\/users\/2"}],"replies":[{"embeddable":true,"href":"https:\/\/solidanca.cat\/es\/wp-json\/wp\/v2\/comments?post=8842"}],"version-history":[{"count":0,"href":"https:\/\/solidanca.cat\/es\/wp-json\/wp\/v2\/posts\/8842\/revisions"}],"wp:featuredmedia":[{"embeddable":true,"href":"https:\/\/solidanca.cat\/es\/wp-json\/wp\/v2\/media\/8843"}],"wp:attachment":[{"href":"https:\/\/solidanca.cat\/es\/wp-json\/wp\/v2\/media?parent=8842"}],"wp:term":[{"taxonomy":"category","embeddable":true,"href":"https:\/\/solidanca.cat\/es\/wp-json\/wp\/v2\/categories?post=8842"},{"taxonomy":"post_tag","embeddable":true,"href":"https:\/\/solidanca.cat\/es\/wp-json\/wp\/v2\/tags?post=8842"}],"curies":[{"name":"wp","href":"https:\/\/api.w.org\/{rel}","templated":true}]}}