{"id":8857,"date":"2025-02-20T07:50:34","date_gmt":"2025-02-20T06:50:34","guid":{"rendered":"https:\/\/solidanca.con2webs.es\/reutilizacion-e-inclusion-digital-solidanca-abre-sus-puertas-a-weee-for-solidarity\/"},"modified":"2025-02-20T07:50:33","modified_gmt":"2025-02-20T06:50:33","slug":"reutilizacion-e-inclusion-digital-solidanca-abre-sus-puertas-a-weee-for-solidarity","status":"publish","type":"post","link":"https:\/\/solidanca.cat\/es\/reutilizacion-e-inclusion-digital-solidanca-abre-sus-puertas-a-weee-for-solidarity\/","title":{"rendered":"Reutilizaci\u00f3n e inclusi\u00f3n digital: Solidan\u00e7a abre sus puertas a WEEE [for Solidarity]"},"content":{"rendered":"<p>El pasado mi\u00e9rcoles, nuestras instalaciones fueron el punto de encuentro para las entidades europeas participantes en el proyecto <strong>WEEE [for Solidarity]<\/strong>, una iniciativa dentro del programa <strong>Erasmus+<\/strong> centrada en la reutilizaci\u00f3n de los Residuos de Aparatos El\u00e9ctricos y Electr\u00f3nicos (RAEE). Este proyecto parte de un reto global: <strong>la creciente necesidad de equipos digitales en la vida cotidiana y el impacto ambiental que supone la creaci\u00f3n de nuevos aparatos.<\/strong> Por eso, apuesta por estrategias de reutilizaci\u00f3n que, adem\u00e1s de reducir residuos, favorecen la inclusi\u00f3n digital y social.<\/p>\n<p>Los representantes de <strong><a href=\"https:\/\/reuseaustria.at\/\" target=\"_blank\" rel=\"noopener\">Re-Use Austria<\/a>, <a href=\"https:\/\/emmaus-connect.org\/\" target=\"_blank\" rel=\"noopener\">Emmaus Connect<\/a>, <a href=\"https:\/\/aeress.org\/\" target=\"_blank\" rel=\"noopener\">AERESS<\/a> y <a href=\"https:\/\/atelierefarafrontiere.ro\/\" target=\"_blank\" rel=\"noopener\">Ateliere Fara Frontiere<\/a><\/strong> han visitado Solidan\u00e7a con el objetivo de conocer de primera mano nuestra <a href=\"https:\/\/solidanca.cat\/raee\/\">gesti\u00f3n de RAEE<\/a> y compartir buenas pr\u00e1cticas en econom\u00eda circular e inserci\u00f3n sociolaboral. Esta visita forma parte del proceso de an\u00e1lisis comparativo entre pa\u00edses para entender mejor c\u00f3mo se gestionan los residuos electr\u00f3nicos en Europa y qu\u00e9 estrategias pueden replicarse en otros territorios.<\/p>\n<h6 data-start=\"102\" data-end=\"175\"><strong><span style=\"color: #339966;\">En Solidan\u00e7a llevamos a\u00f1os impulsando la reutilizaci\u00f3n de aparatos el\u00e9ctricos y electr\u00f3nicos, tanto a trav\u00e9s de nuestro taller de RAEE, como con iniciativas dirigidas a la ciudadan\u00eda a trav\u00e9s de nuestro portal web Cercle Zero.<\/span><\/strong><\/h6>\n<p>Durante la visita a nuestro <a href=\"https:\/\/solidanca.cat\/raee\/\">taller de RAEE<\/a>, los asistentes han podido ver en directo <strong>el proceso de reparaci\u00f3n y reutilizaci\u00f3n de aparatos el\u00e9ctricos y electr\u00f3nicos<\/strong> para darles una segunda vida y reducir su impacto ambiental. Han podido conocer de cerca l<strong>as t\u00e9cnicas que utilizamos para diagnosticar y reacondicionar<\/strong> los aparatos y han conocido los criterios que determinan si un aparato puede ser reutilizado \u00edntegramente o si s\u00f3lo se pueden aprovechar algunos de sus componentes o si, por el contrario, es necesario gestionarlo como residuo.<\/p>\n<p>Uno de los aspectos que m\u00e1s ha despertado el inter\u00e9s de los visitantes ha sido nuestro <a href=\"https:\/\/solidanca.cat\/itineraris-dinsercio-sociolaboral\/\"><strong>modelo de inserci\u00f3n sociolaboral<\/strong><\/a>. Durante todo este proceso, generamos puestos de trabajo para personas en situaci\u00f3n de vulnerabilidad del entorno, a los que se les ofrece un <strong>itinerario de inserci\u00f3n con contrataci\u00f3n, formaci\u00f3n y acompa\u00f1amiento personalizado<\/strong> con el objetivo de que puedan estabilizar su situaci\u00f3n y mejorar sus oportunidades laborales.<\/p>\n<p data-start=\"102\" data-end=\"175\"><a href=\"https:\/\/solidanca.cat\/wp-content\/uploads\/2025\/02\/FOTO-NOTICIES-WEB-1-1.png\"><img loading=\"lazy\" decoding=\"async\" class=\" wp-image-66791 aligncenter\" src=\"https:\/\/solidanca.cat\/wp-content\/uploads\/2025\/02\/FOTO-NOTICIES-WEB-1-1.png\" alt=\"\" width=\"692\" height=\"346\" \/><\/a><\/p>\n<p data-start=\"2324\" data-end=\"2680\">La segunda parada de la jornada ha sido <a href=\"https:\/\/solidanca.cat\/botigues\/\"><strong>nuestra tienda La Nau<\/strong><\/a> de Sant Just Desvern, un espacio donde la reutilizaci\u00f3n y la econom\u00eda circular se convierten en elementos clave. Aqu\u00ed, los asistentes han podido ver c\u00f3mo se comercializan los productos recuperados: <strong>ropa de segunda mano recogida a trav\u00e9s de los contenedores naranjas de Solidan\u00e7a \/ Roba Amiga, muebles y aparatos electr\u00f3nicos reacondicionados<\/strong> a nuestro taller. Adem\u00e1s de conocer el funcionamiento de la tienda, los asistentes han reflexionado sobre su papel como herramienta para <strong>fomentar la econom\u00eda circular<\/strong> y reducir la sobreproducci\u00f3n tanto en la industria textil como en la electr\u00f3nica.<\/p>\n<p data-start=\"2324\" data-end=\"2680\">La jornada ha permitido <strong>un intercambio enriquecedor de experiencias y conocimientos<\/strong>, consolidando alianzas entre entidades europeas comprometidas con la econom\u00eda circular y la inclusi\u00f3n social. Este intercambio de conocimientos nos permite seguir mejorando nuestros procesos y contribuir a una <strong>red europea cada vez m\u00e1s fuerte en reutilizaci\u00f3n y econom\u00eda social<\/strong>.<\/p>\n<h6 data-start=\"3523\" data-end=\"3838\"><span style=\"color: #339966;\">En Solidan\u00e7a, seguiremos trabajando para fomentar la reutilizaci\u00f3n y la inserci\u00f3n sociolaboral, y este encuentro nos reafirma en nuestra misi\u00f3n. Si quieres saber m\u00e1s sobre nuestros proyectos e iniciativas, visita nuestra web y descubre c\u00f3mo puedes formar parte del cambio hacia una econom\u00eda m\u00e1s sostenible y solidaria.<\/span><\/h6>\n","protected":false},"excerpt":{"rendered":"<p>El pasado mi\u00e9rcoles, nuestras instalaciones fueron el punto de encuentro para las entidades europeas participantes en el proyecto WEEE [for Solidarity],&#8230;<\/p>\n","protected":false},"author":2,"featured_media":8858,"comment_status":"open","ping_status":"closed","sticky":false,"template":"","format":"standard","meta":{"_uag_custom_page_level_css":"","_kad_blocks_custom_css":"","_kad_blocks_head_custom_js":"","_kad_blocks_body_custom_js":"","_kad_blocks_footer_custom_js":"","_kad_post_transparent":"","_kad_post_title":"","_kad_post_layout":"","_kad_post_sidebar_id":"","_kad_post_content_style":"","_kad_post_vertical_padding":"","_kad_post_feature":"","_kad_post_feature_position":"","_kad_post_header":false,"_kad_post_footer":false,"_kad_post_classname":"","footnotes":""},"categories":[761,8],"tags":[],"class_list":["post-8857","post","type-post","status-publish","format-standard","has-post-thumbnail","hentry","category-medio-ambiente","category-sin-categorizar"],"taxonomy_info":{"category":[{"value":761,"label":"MEDIO AMBIENTE"},{"value":8,"label":"Sin categorizar"}]},"featured_image_src_large":["https:\/\/solidanca.cat\/wp-content\/uploads\/2025\/04\/FOTO-NOTICIES-WEB-2-58.png",800,400,false],"author_info":{"display_name":"Solidan\u00e7a","author_link":"https:\/\/solidanca.cat\/es\/author\/alberg\/"},"comment_info":0,"category_info":[{"term_id":761,"name":"MEDIO AMBIENTE","slug":"medio-ambiente","term_group":0,"term_taxonomy_id":761,"taxonomy":"category","description":"","parent":0,"count":263,"filter":"raw","cat_ID":761,"category_count":263,"category_description":"","cat_name":"MEDIO AMBIENTE","category_nicename":"medio-ambiente","category_parent":0},{"term_id":8,"name":"Sin categorizar","slug":"sin-categorizar","term_group":0,"term_taxonomy_id":8,"taxonomy":"category","description":"","parent":0,"count":199,"filter":"raw","cat_ID":8,"category_count":199,"category_description":"","cat_name":"Sin categorizar","category_nicename":"sin-categorizar","category_parent":0}],"tag_info":false,"uagb_featured_image_src":{"full":["https:\/\/solidanca.cat\/wp-content\/uploads\/2025\/04\/FOTO-NOTICIES-WEB-2-58.png",800,400,false],"thumbnail":["https:\/\/solidanca.cat\/wp-content\/uploads\/2025\/04\/FOTO-NOTICIES-WEB-2-58-150x150.png",150,150,true],"medium":["https:\/\/solidanca.cat\/wp-content\/uploads\/2025\/04\/FOTO-NOTICIES-WEB-2-58-300x150.png",300,150,true],"medium_large":["https:\/\/solidanca.cat\/wp-content\/uploads\/2025\/04\/FOTO-NOTICIES-WEB-2-58-768x384.png",768,384,true],"large":["https:\/\/solidanca.cat\/wp-content\/uploads\/2025\/04\/FOTO-NOTICIES-WEB-2-58.png",800,400,false],"1536x1536":["https:\/\/solidanca.cat\/wp-content\/uploads\/2025\/04\/FOTO-NOTICIES-WEB-2-58.png",800,400,false],"2048x2048":["https:\/\/solidanca.cat\/wp-content\/uploads\/2025\/04\/FOTO-NOTICIES-WEB-2-58.png",800,400,false]},"uagb_author_info":{"display_name":"Solidan\u00e7a","author_link":"https:\/\/solidanca.cat\/es\/author\/alberg\/"},"uagb_comment_info":0,"uagb_excerpt":"El pasado mi\u00e9rcoles, nuestras instalaciones fueron el punto de encuentro para las entidades europeas participantes en el proyecto WEEE [for Solidarity],...","_links":{"self":[{"href":"https:\/\/solidanca.cat\/es\/wp-json\/wp\/v2\/posts\/8857","targetHints":{"allow":["GET"]}}],"collection":[{"href":"https:\/\/solidanca.cat\/es\/wp-json\/wp\/v2\/posts"}],"about":[{"href":"https:\/\/solidanca.cat\/es\/wp-json\/wp\/v2\/types\/post"}],"author":[{"embeddable":true,"href":"https:\/\/solidanca.cat\/es\/wp-json\/wp\/v2\/users\/2"}],"replies":[{"embeddable":true,"href":"https:\/\/solidanca.cat\/es\/wp-json\/wp\/v2\/comments?post=8857"}],"version-history":[{"count":0,"href":"https:\/\/solidanca.cat\/es\/wp-json\/wp\/v2\/posts\/8857\/revisions"}],"wp:featuredmedia":[{"embeddable":true,"href":"https:\/\/solidanca.cat\/es\/wp-json\/wp\/v2\/media\/8858"}],"wp:attachment":[{"href":"https:\/\/solidanca.cat\/es\/wp-json\/wp\/v2\/media?parent=8857"}],"wp:term":[{"taxonomy":"category","embeddable":true,"href":"https:\/\/solidanca.cat\/es\/wp-json\/wp\/v2\/categories?post=8857"},{"taxonomy":"post_tag","embeddable":true,"href":"https:\/\/solidanca.cat\/es\/wp-json\/wp\/v2\/tags?post=8857"}],"curies":[{"name":"wp","href":"https:\/\/api.w.org\/{rel}","templated":true}]}}