{"id":8860,"date":"2025-02-24T07:00:40","date_gmt":"2025-02-24T06:00:40","guid":{"rendered":"https:\/\/solidanca.con2webs.es\/finalitza-amb-exit-la-tercera-edicio-del-programa-treball-i-formacio-esal\/"},"modified":"2025-02-24T07:00:56","modified_gmt":"2025-02-24T06:00:56","slug":"finaliza-con-exito-la-tercera-edicion-del-programa-treball-i-formacio-esal","status":"publish","type":"post","link":"https:\/\/solidanca.cat\/es\/finaliza-con-exito-la-tercera-edicion-del-programa-treball-i-formacio-esal\/","title":{"rendered":"Finalitza amb \u00e8xit la tercera edici\u00f3 del Programa Treball i Formaci\u00f3 ESAL"},"content":{"rendered":"<p>En su tercer a\u00f1o consecutivo dentro del <a href=\"https:\/\/serveiocupacio.gencat.cat\/ca\/detall\/article\/Treball_i_Formacio_Convocatoria_2021-00001\" target=\"_blank\" rel=\"noopener\"><strong>Programa de Trabajo y Formaci\u00f3n ESAL<\/strong><\/a>, Solidan\u00e7a reafirma su compromiso con la inserci\u00f3n sociolaboral de diferentes colectivos. Durante la edici\u00f3n de 2023, <strong>11 personas en situaci\u00f3n de vulnerabilidad social<\/strong> realizaron un itinerario de inserci\u00f3n en la entidad, que incluye contrataci\u00f3n, formaci\u00f3n y acompa\u00f1amiento personalizado.<\/p>\n<p>Una vez finalizado el proceso, este a\u00f1o Solidan\u00e7a <strong>ha ampliado el contrato de 4 de las participantes<\/strong>: una dentro del equipo de la entidad y tres en posiciones como personal trabajador de inserci\u00f3n como tenderas, triadoras y del equipo de recogidas.<\/p>\n<p>Este programa est\u00e1 enfocado a mejorar la situaci\u00f3n laboral de <strong>tres colectivos<\/strong> en riesgo de exclusi\u00f3n: <strong>mujeres en situaci\u00f3n de vulnerabilidad social<\/strong> (se incluyen las mujeres v\u00edctimas de violencia machista), <strong>personas en situaci\u00f3n de desempleo<\/strong> <strong>de larga duraci\u00f3n<\/strong> y <strong>personas del colectivo trans<\/strong>. Durante 12 meses, las personas participantes han ocupado posiciones laborales adecuadas a sus capacidades y conocimientos en las diferentes sedes y establecimientos\/actividades de la Fundaci\u00f3 Solidan\u00e7a repartidos en la comarca de Barcelona y Girona.<\/p>\n<p>Adem\u00e1s, cada persona contratada ha recibido un <strong>acompa\u00f1amiento individualizado<\/strong> de 184 horas por parte de nuestro equipo de inserci\u00f3n, que se ha combinado con la formaci\u00f3n en habilidades sociales de comunicaci\u00f3n y resoluci\u00f3n de conflictos en el centro de trabajo para mejorar sus competencias profesionales y personales. El objetivo es realizar una <strong>atenci\u00f3n hol\u00edstica de la persona<\/strong> para impulsar su empleabilidad y facilitar su incorporaci\u00f3n en el mercado laboral.<\/p>\n<p>&nbsp;<\/p>\n<h5><strong><em>Nueva convocatoria 2024<\/em><\/strong><\/h5>\n<p>Este 2025, empezamos el a\u00f1o con una <strong>nueva edici\u00f3n del Programa Trabajo y Formaci\u00f3n L\u00ednea ESAL 2024<\/strong>, para seguir acompa\u00f1ando a varios colectivos en su reinserci\u00f3n en el mundo laboral ordinario. Esta vez, hemos recibido un total de <strong>11\u00a0plazas por cubrir<\/strong>, de las cuales la mitad ya ha empezado a trabajar con nosotros.<\/p>\n<h6><span style=\"color: #339966;\">Continuamos apostando por la inserci\u00f3n sociolaboral y la inclusi\u00f3n de todos los colectivos como herramienta transformadora de la sociedad.<\/span><\/h6>\n<p>&nbsp;<\/p>\n<p>El proyecto ESAL recibe el apoyo del<a href=\"https:\/\/serveiocupacio.gencat.cat\/ca\/inici\/\" target=\"_blank\" rel=\"noopener\"> Servicio de Ocupaci\u00f3n de Catalunya (SOC)<\/a> y el <a href=\"https:\/\/exteriors.gencat.cat\/ca\/ambits-dactuacio\/afers_exteriors\/ue\/fons_europeus\/fonsuecat\/quins_fons\/fse\/\" target=\"_blank\" rel=\"noopener\">Fons Social Europeu (FSE).<\/a><\/p>\n<p><a href=\"https:\/\/solidanca.cat\/wp-content\/uploads\/2023\/11\/soc_2l-1.jpg\"><img loading=\"lazy\" decoding=\"async\" class=\"alignleft wp-image-17167\" src=\"https:\/\/solidanca.cat\/wp-content\/uploads\/2023\/11\/soc_2l-1.jpg\" alt=\"\" width=\"301\" height=\"53\" \/><\/a><\/p>\n<p><a href=\"https:\/\/solidanca.cat\/wp-content\/uploads\/2025\/01\/generalitat-1.png\"><img loading=\"lazy\" decoding=\"async\" class=\"alignleft wp-image-66209\" src=\"https:\/\/solidanca.cat\/wp-content\/uploads\/2025\/01\/generalitat-1.png\" alt=\"\" width=\"218\" height=\"56\" \/><\/a><a href=\"https:\/\/solidanca.cat\/wp-content\/uploads\/2017\/09\/CoFinancatUE_lateral.png\"><img loading=\"lazy\" decoding=\"async\" class=\"alignleft wp-image-13021\" src=\"https:\/\/solidanca.cat\/wp-content\/uploads\/2017\/09\/CoFinancatUE_lateral.png\" alt=\"\" width=\"211\" height=\"72\" \/><\/a><\/p>\n","protected":false},"excerpt":{"rendered":"<p>En su tercer a\u00f1o consecutivo dentro del Programa de Trabajo y Formaci\u00f3n ESAL, Solidan\u00e7a reafirma su compromiso con la inserci\u00f3n sociolaboral&#8230;<\/p>\n","protected":false},"author":2,"featured_media":8861,"comment_status":"open","ping_status":"closed","sticky":false,"template":"","format":"standard","meta":{"_uag_custom_page_level_css":"","_kad_blocks_custom_css":"","_kad_blocks_head_custom_js":"","_kad_blocks_body_custom_js":"","_kad_blocks_footer_custom_js":"","_kad_post_transparent":"","_kad_post_title":"","_kad_post_layout":"","_kad_post_sidebar_id":"","_kad_post_content_style":"","_kad_post_vertical_padding":"","_kad_post_feature":"","_kad_post_feature_position":"","_kad_post_header":false,"_kad_post_footer":false,"_kad_post_classname":"","footnotes":""},"categories":[8],"tags":[],"class_list":["post-8860","post","type-post","status-publish","format-standard","has-post-thumbnail","hentry","category-sin-categorizar"],"taxonomy_info":{"category":[{"value":8,"label":"Sin categorizar"}]},"featured_image_src_large":["https:\/\/solidanca.cat\/wp-content\/uploads\/2025\/04\/FOTO-NOTICIES-WEB-1-65.png",800,400,false],"author_info":{"display_name":"Solidan\u00e7a","author_link":"https:\/\/solidanca.cat\/es\/author\/alberg\/"},"comment_info":0,"category_info":[{"term_id":8,"name":"Sin categorizar","slug":"sin-categorizar","term_group":0,"term_taxonomy_id":8,"taxonomy":"category","description":"","parent":0,"count":199,"filter":"raw","cat_ID":8,"category_count":199,"category_description":"","cat_name":"Sin categorizar","category_nicename":"sin-categorizar","category_parent":0}],"tag_info":false,"uagb_featured_image_src":{"full":["https:\/\/solidanca.cat\/wp-content\/uploads\/2025\/04\/FOTO-NOTICIES-WEB-1-65.png",800,400,false],"thumbnail":["https:\/\/solidanca.cat\/wp-content\/uploads\/2025\/04\/FOTO-NOTICIES-WEB-1-65-150x150.png",150,150,true],"medium":["https:\/\/solidanca.cat\/wp-content\/uploads\/2025\/04\/FOTO-NOTICIES-WEB-1-65-300x150.png",300,150,true],"medium_large":["https:\/\/solidanca.cat\/wp-content\/uploads\/2025\/04\/FOTO-NOTICIES-WEB-1-65-768x384.png",768,384,true],"large":["https:\/\/solidanca.cat\/wp-content\/uploads\/2025\/04\/FOTO-NOTICIES-WEB-1-65.png",800,400,false],"1536x1536":["https:\/\/solidanca.cat\/wp-content\/uploads\/2025\/04\/FOTO-NOTICIES-WEB-1-65.png",800,400,false],"2048x2048":["https:\/\/solidanca.cat\/wp-content\/uploads\/2025\/04\/FOTO-NOTICIES-WEB-1-65.png",800,400,false]},"uagb_author_info":{"display_name":"Solidan\u00e7a","author_link":"https:\/\/solidanca.cat\/es\/author\/alberg\/"},"uagb_comment_info":0,"uagb_excerpt":"En su tercer a\u00f1o consecutivo dentro del Programa de Trabajo y Formaci\u00f3n ESAL, Solidan\u00e7a reafirma su compromiso con la inserci\u00f3n sociolaboral...","_links":{"self":[{"href":"https:\/\/solidanca.cat\/es\/wp-json\/wp\/v2\/posts\/8860","targetHints":{"allow":["GET"]}}],"collection":[{"href":"https:\/\/solidanca.cat\/es\/wp-json\/wp\/v2\/posts"}],"about":[{"href":"https:\/\/solidanca.cat\/es\/wp-json\/wp\/v2\/types\/post"}],"author":[{"embeddable":true,"href":"https:\/\/solidanca.cat\/es\/wp-json\/wp\/v2\/users\/2"}],"replies":[{"embeddable":true,"href":"https:\/\/solidanca.cat\/es\/wp-json\/wp\/v2\/comments?post=8860"}],"version-history":[{"count":0,"href":"https:\/\/solidanca.cat\/es\/wp-json\/wp\/v2\/posts\/8860\/revisions"}],"wp:featuredmedia":[{"embeddable":true,"href":"https:\/\/solidanca.cat\/es\/wp-json\/wp\/v2\/media\/8861"}],"wp:attachment":[{"href":"https:\/\/solidanca.cat\/es\/wp-json\/wp\/v2\/media?parent=8860"}],"wp:term":[{"taxonomy":"category","embeddable":true,"href":"https:\/\/solidanca.cat\/es\/wp-json\/wp\/v2\/categories?post=8860"},{"taxonomy":"post_tag","embeddable":true,"href":"https:\/\/solidanca.cat\/es\/wp-json\/wp\/v2\/tags?post=8860"}],"curies":[{"name":"wp","href":"https:\/\/api.w.org\/{rel}","templated":true}]}}