{"id":8875,"date":"2025-02-25T13:00:33","date_gmt":"2025-02-25T12:00:33","guid":{"rendered":"https:\/\/solidanca.con2webs.es\/fundacio-mona-i-fundacio-solidanca-suneixen-per-donar-una-segona-vida-als-mobils-en-desus\/"},"modified":"2025-02-25T13:00:30","modified_gmt":"2025-02-25T12:00:30","slug":"fundacio-mona-i-fundacio-solidanca-suneixen-per-donar-una-segona-vida-als-mobils-en-desus","status":"publish","type":"post","link":"https:\/\/solidanca.cat\/es\/fundacio-mona-i-fundacio-solidanca-suneixen-per-donar-una-segona-vida-als-mobils-en-desus\/","title":{"rendered":"Fundaci\u00f3n MONA y Fundaci\u00f3n Solidan\u00e7a se unen para dar una segunda vida a los m\u00f3viles en desuso"},"content":{"rendered":"<p><span data-contrast=\"auto\">La <\/span><a href=\"https:\/\/fundacionmona.org\/ca\/\" target=\"_blank\" rel=\"noopener\"><b><span data-contrast=\"auto\">Fundaci\u00f3 MONA<\/span><\/b><\/a><span data-contrast=\"auto\"> i la <\/span><a href=\"https:\/\/solidanca.cat\/\"><b><span data-contrast=\"auto\">Fundaci\u00f3 Solidan\u00e7a<\/span><\/b><\/a><span data-contrast=\"auto\"> ens hem unit per donar una <\/span><b><span data-contrast=\"auto\">segona vida als tel\u00e8fons m\u00f2bils en des\u00fas<\/span><\/b><span data-contrast=\"auto\">, combinant esfor\u00e7os en favor del medi ambient i al benestar social.<\/span><span data-ccp-props=\"{}\">\u00a0<\/span><\/p>\n<p><span data-contrast=\"auto\">En els darrers mesos, la <\/span><b><span data-contrast=\"auto\">Fundaci\u00f3 MONA ha recollit 780 m\u00f2bils<\/span><\/b><span data-contrast=\"auto\"> gr\u00e0cies a la participaci\u00f3 activa de particulars, centres educatius i empreses. Aquests dispositius actualment es troben en el <a href=\"https:\/\/solidanca.cat\/raee\/\">taller de RAEE<\/a> (Residus d\u2019Aparells El\u00e8ctrics i electr\u00f2nics) de la Fundaci\u00f3 Solidan\u00e7a, on seran gestionats per a la seva reutilitzaci\u00f3 i reciclatge, promovent aix\u00ed la reducci\u00f3 de residus electr\u00f2nics i l\u2019aprofitament de recursos.<\/span><span data-ccp-props=\"{}\">\u00a0<\/span><\/p>\n<p style=\"text-align: center;\"><span data-ccp-props=\"{}\"> <a href=\"https:\/\/solidanca.cat\/wp-content\/uploads\/2025\/02\/4.png\"><img loading=\"lazy\" decoding=\"async\" class=\"wp-image-66899 alignnone\" src=\"https:\/\/solidanca.cat\/wp-content\/uploads\/2025\/02\/4.png\" alt=\"\" width=\"351\" height=\"263\" \/><\/a> <a href=\"https:\/\/solidanca.cat\/wp-content\/uploads\/2025\/02\/5.png\"><img loading=\"lazy\" decoding=\"async\" class=\"wp-image-66901 alignnone\" src=\"https:\/\/solidanca.cat\/wp-content\/uploads\/2025\/02\/5.png\" alt=\"\" width=\"351\" height=\"263\" \/><\/a> <\/span><\/p>\n<p>Esta iniciativa se enmarca en la campa\u00f1a <a href=\"https:\/\/fundacionmona.org\/ca\/ayudanos\/recicla-tu-movil\/\" target=\"_blank\" rel=\"noopener\"><strong>\u201cRecicla tu m\u00f3vil, salva vidas\u201d<\/strong><\/a>, impulsada por la Fundaci\u00f3n MONA desde 2005. La recogida y reciclaje de m\u00f3viles no s\u00f3lo reduce los residuos electr\u00f3nicos, sino que tambi\u00e9n ayuda a <strong>minimizar la demanda de colt\u00e1n<\/strong>, un mineral esencial en la fabricaci\u00f3n de dispositivos electr\u00f3nicos. La extracci\u00f3n del colt\u00e1n provoca <strong>graves impactos ambientales y sociales<\/strong>, especialmente en pa\u00edses de \u00c1frica Central.<\/p>\n<p>Adem\u00e1s de proteger el medio ambiente, esta colaboraci\u00f3n <strong>apoya proyectos de conservaci\u00f3n de primates y sociales<\/strong>. Los fondos recaudados por la Fundaci\u00f3n MONA se destinan a proyectos dedicados al <a href=\"https:\/\/fundacionmona.org\/ca\/nuestros-primates\/\" target=\"_blank\" rel=\"noopener\"><strong>bienestar y conservaci\u00f3n de los primates<\/strong><\/a>, muchos de los cuales han sido rescatados de situaciones de abuso o cautividad.<\/p>\n<p style=\"text-align: center;\">\u00a0<img loading=\"lazy\" decoding=\"async\" class=\"wp-image-66905 alignnone\" src=\"https:\/\/solidanca.cat\/wp-content\/uploads\/2025\/02\/7.png\" alt=\"\" width=\"351\" height=\"263\" \/> <img loading=\"lazy\" decoding=\"async\" class=\"wp-image-66903 alignnone\" src=\"https:\/\/solidanca.cat\/wp-content\/uploads\/2025\/02\/6.png\" alt=\"\" width=\"351\" height=\"263\" \/><\/p>\n<p>Por otra parte, la Fundaci\u00f3 Solidan\u00e7a trabaja desde hace m\u00e1s de 27 a\u00f1os en la gesti\u00f3n sostenible de residuos con un modelo que <strong>genera <a href=\"https:\/\/solidanca.cat\/itineraris-dinsercio-sociolaboral\/\">oportunidades laborales<\/a> para personas en situaci\u00f3n de vulnerabilidad social<\/strong>, ofreciendo formaci\u00f3n y acompa\u00f1amiento para favorecer su inserci\u00f3n en el mercado de trabajo.<\/p>\n<p style=\"text-align: center;\"><span data-ccp-props=\"{&quot;134233117&quot;:false,&quot;134233118&quot;:false,&quot;335559738&quot;:240,&quot;335559739&quot;:240}\"><a href=\"https:\/\/solidanca.cat\/wp-content\/uploads\/2025\/02\/2.png\"><img loading=\"lazy\" decoding=\"async\" class=\"wp-image-66895 alignnone\" src=\"https:\/\/solidanca.cat\/wp-content\/uploads\/2025\/02\/2.png\" alt=\"\" width=\"351\" height=\"263\" \/><\/a>\u00a0<a href=\"https:\/\/solidanca.cat\/wp-content\/uploads\/2025\/02\/3.png\"><img loading=\"lazy\" decoding=\"async\" class=\"wp-image-66897 alignnone\" src=\"https:\/\/solidanca.cat\/wp-content\/uploads\/2025\/02\/3.png\" alt=\"\" width=\"351\" height=\"263\" \/><\/a><\/span><\/p>\n<p>Esta alianza entre ambas fundaciones ejemplifica c\u00f3mo la cooperaci\u00f3n entre entidades puede <strong>generar un impacto positivo tanto en el medio ambiente como en los seres vivos que habitan en \u00e9l<\/strong>, avanzando hacia un futuro m\u00e1s sostenible y \u00e9tico.<\/p>\n","protected":false},"excerpt":{"rendered":"<p>La Fundaci\u00f3 MONA i la Fundaci\u00f3 Solidan\u00e7a ens hem unit per donar una segona vida als tel\u00e8fons m\u00f2bils en des\u00fas, combinant&#8230;<\/p>\n","protected":false},"author":2,"featured_media":8876,"comment_status":"open","ping_status":"closed","sticky":false,"template":"","format":"standard","meta":{"_uag_custom_page_level_css":"","_kad_blocks_custom_css":"","_kad_blocks_head_custom_js":"","_kad_blocks_body_custom_js":"","_kad_blocks_footer_custom_js":"","_kad_post_transparent":"","_kad_post_title":"","_kad_post_layout":"","_kad_post_sidebar_id":"","_kad_post_content_style":"","_kad_post_vertical_padding":"","_kad_post_feature":"","_kad_post_feature_position":"","_kad_post_header":false,"_kad_post_footer":false,"_kad_post_classname":"","footnotes":""},"categories":[8],"tags":[],"class_list":["post-8875","post","type-post","status-publish","format-standard","has-post-thumbnail","hentry","category-sin-categorizar"],"taxonomy_info":{"category":[{"value":8,"label":"Sin categorizar"}]},"featured_image_src_large":["https:\/\/solidanca.cat\/wp-content\/uploads\/2025\/04\/FOTO-NOTICIES-WEB-4-28.png",800,400,false],"author_info":{"display_name":"Solidan\u00e7a","author_link":"https:\/\/solidanca.cat\/es\/author\/alberg\/"},"comment_info":0,"category_info":[{"term_id":8,"name":"Sin categorizar","slug":"sin-categorizar","term_group":0,"term_taxonomy_id":8,"taxonomy":"category","description":"","parent":0,"count":199,"filter":"raw","cat_ID":8,"category_count":199,"category_description":"","cat_name":"Sin categorizar","category_nicename":"sin-categorizar","category_parent":0}],"tag_info":false,"uagb_featured_image_src":{"full":["https:\/\/solidanca.cat\/wp-content\/uploads\/2025\/04\/FOTO-NOTICIES-WEB-4-28.png",800,400,false],"thumbnail":["https:\/\/solidanca.cat\/wp-content\/uploads\/2025\/04\/FOTO-NOTICIES-WEB-4-28-150x150.png",150,150,true],"medium":["https:\/\/solidanca.cat\/wp-content\/uploads\/2025\/04\/FOTO-NOTICIES-WEB-4-28-300x150.png",300,150,true],"medium_large":["https:\/\/solidanca.cat\/wp-content\/uploads\/2025\/04\/FOTO-NOTICIES-WEB-4-28-768x384.png",768,384,true],"large":["https:\/\/solidanca.cat\/wp-content\/uploads\/2025\/04\/FOTO-NOTICIES-WEB-4-28.png",800,400,false],"1536x1536":["https:\/\/solidanca.cat\/wp-content\/uploads\/2025\/04\/FOTO-NOTICIES-WEB-4-28.png",800,400,false],"2048x2048":["https:\/\/solidanca.cat\/wp-content\/uploads\/2025\/04\/FOTO-NOTICIES-WEB-4-28.png",800,400,false]},"uagb_author_info":{"display_name":"Solidan\u00e7a","author_link":"https:\/\/solidanca.cat\/es\/author\/alberg\/"},"uagb_comment_info":0,"uagb_excerpt":"La Fundaci\u00f3 MONA i la Fundaci\u00f3 Solidan\u00e7a ens hem unit per donar una segona vida als tel\u00e8fons m\u00f2bils en des\u00fas, combinant...","_links":{"self":[{"href":"https:\/\/solidanca.cat\/es\/wp-json\/wp\/v2\/posts\/8875","targetHints":{"allow":["GET"]}}],"collection":[{"href":"https:\/\/solidanca.cat\/es\/wp-json\/wp\/v2\/posts"}],"about":[{"href":"https:\/\/solidanca.cat\/es\/wp-json\/wp\/v2\/types\/post"}],"author":[{"embeddable":true,"href":"https:\/\/solidanca.cat\/es\/wp-json\/wp\/v2\/users\/2"}],"replies":[{"embeddable":true,"href":"https:\/\/solidanca.cat\/es\/wp-json\/wp\/v2\/comments?post=8875"}],"version-history":[{"count":0,"href":"https:\/\/solidanca.cat\/es\/wp-json\/wp\/v2\/posts\/8875\/revisions"}],"wp:featuredmedia":[{"embeddable":true,"href":"https:\/\/solidanca.cat\/es\/wp-json\/wp\/v2\/media\/8876"}],"wp:attachment":[{"href":"https:\/\/solidanca.cat\/es\/wp-json\/wp\/v2\/media?parent=8875"}],"wp:term":[{"taxonomy":"category","embeddable":true,"href":"https:\/\/solidanca.cat\/es\/wp-json\/wp\/v2\/categories?post=8875"},{"taxonomy":"post_tag","embeddable":true,"href":"https:\/\/solidanca.cat\/es\/wp-json\/wp\/v2\/tags?post=8875"}],"curies":[{"name":"wp","href":"https:\/\/api.w.org\/{rel}","templated":true}]}}