{"id":8917,"date":"2025-03-03T09:56:32","date_gmt":"2025-03-03T08:56:32","guid":{"rendered":"https:\/\/solidanca.con2webs.es\/solidanca-reivindica-el-trabajo-de-cuidados-con-una-exposicion-interna-para-el-8-de-marzo\/"},"modified":"2025-03-03T10:00:01","modified_gmt":"2025-03-03T09:00:01","slug":"solidanca-reivindica-el-trabajo-de-cuidados-con-una-exposicion-interna-para-el-8-de-marzo","status":"publish","type":"post","link":"https:\/\/solidanca.cat\/es\/solidanca-reivindica-el-trabajo-de-cuidados-con-una-exposicion-interna-para-el-8-de-marzo\/","title":{"rendered":"Solidan\u00e7a reivindica el trabajo de cuidados con una exposici\u00f3n interna para el 8 de marzo"},"content":{"rendered":"<p>Con motivo del <strong>D\u00eda Internacional de la Mujer Trabajadora<\/strong>, este 8 de marzo en Solidan\u00e7a nos centramos en la <strong>importancia del trabajo de cuidados,<\/strong> un pilar fundamental de la sociedad que ha sido<strong> hist\u00f3ricamente invisibilizado<\/strong> y asignado de manera desigual. Para sensibilizar a las personas trabajadoras de la entidad sobre esta realidad, hemos organizado una<strong> exposici\u00f3n visual<\/strong> interna que combina im\u00e1genes, din\u00e1micas participativas y recursos gr\u00e1ficos.<\/p>\n<p>La exposici\u00f3n pone en evidencia la <strong>importancia de los cuidados en nuestra vida cotidiana, <\/strong>desde las tareas m\u00e1s b\u00e1sicas hasta las m\u00e1s complejas, y c\u00f3mo \u00e9stas han sido tradicionalmente relegadas al \u00e1mbito privado y atribuidas principalmente a las mujeres.<\/p>\n<p>A trav\u00e9s de una<strong> serie de im\u00e1genes y textos,<\/strong> la muestra invita a reflexionar sobre la <strong>centralidad de este trabajo,<\/strong> que abarca tareas f\u00edsicas, emocionales y sociales imprescindibles para el funcionamiento de la sociedad. Pese a esta importancia, <strong>el trabajo de cuidados ha sido invisibilizado y poco valorado,<\/strong> una realidad que esta exposici\u00f3n pretende hacer emerger.<\/p>\n<p>Para ello, la exposici\u00f3n recoge <strong>ejemplos cotidianos<\/strong> que ayudan a entender qu\u00e9 son los cuidados y qu\u00e9 acciones cotidianas infravaloradas debemos visibilizarlas como cuidados. Bajo el lema <strong>Los cuidados son esenciales, pero no siempre visibles,<\/strong> se muestran frases que evidencian esta desigualdad: \u00abCuidar no es ayudar, es una responsabilidad compartida\u00bb o \u00abNo es amor, es trabajo no remunerado\u00bb. Estas afirmaciones ayudan a romper estereotipos y repensar el papel de los cuidados en nuestro d\u00eda a d\u00eda.<\/p>\n<p>Adem\u00e1s, se presentan <strong>diversas estad\u00edsticas<\/strong> que ponen cifras a esa desigualdad. Seg\u00fan datos recientes del INE, las mujeres dedican de media el doble de horas diarias que los hombres a labores de cuidados y dom\u00e9sticos no remunerados. Adem\u00e1s, el 70% de las personas trabajadoras en el sector de los cuidados son mujeres, muchas en condiciones laborales precarias. A nivel global, se calcula que el trabajo de cuidados no remunerado representa el 9% del PIB mundial, una contribuci\u00f3n econ\u00f3mica clave que a menudo no se reconoce.<\/p>\n<p>Finalmente, la exposici\u00f3n no s\u00f3lo denuncia esta desigualdad, sino que tambi\u00e9n <strong>propone alternativas<\/strong> para visibilizar y redistribuir los cuidados de forma m\u00e1s justa. Entre las propuestas destacan la necesidad de reconocimiento institucional de este trabajo, la corresponsabilidad entre hombres y mujeres en el \u00e1mbito familiar y la implementaci\u00f3n de pol\u00edticas p\u00fablicas que garanticen condiciones dignas para las personas que se dedican profesionalmente a los cuidados.<\/p>\n<h5><strong>Con esta exposici\u00f3n, Solidan\u00e7a quiere generar conciencia y fomentar la reflexi\u00f3n colectiva sobre la necesidad de poner los cuidados en el centro de la vida y del modelo social. Porque sin cuidados, \u00a1no hay vida!<\/strong><\/h5>\n","protected":false},"excerpt":{"rendered":"<p>Con motivo del D\u00eda Internacional de la Mujer Trabajadora, este 8 de marzo en Solidan\u00e7a nos centramos en la importancia del&#8230;<\/p>\n","protected":false},"author":3,"featured_media":7779,"comment_status":"open","ping_status":"closed","sticky":false,"template":"","format":"standard","meta":{"_uag_custom_page_level_css":"","_kad_blocks_custom_css":"","_kad_blocks_head_custom_js":"","_kad_blocks_body_custom_js":"","_kad_blocks_footer_custom_js":"","_kad_post_transparent":"","_kad_post_title":"","_kad_post_layout":"","_kad_post_sidebar_id":"","_kad_post_content_style":"","_kad_post_vertical_padding":"","_kad_post_feature":"","_kad_post_feature_position":"","_kad_post_header":false,"_kad_post_footer":false,"_kad_post_classname":"","footnotes":""},"categories":[763,757,8],"tags":[],"class_list":["post-8917","post","type-post","status-publish","format-standard","has-post-thumbnail","hentry","category-area-social-es","category-educacion-ambiental","category-sin-categorizar"],"taxonomy_info":{"category":[{"value":763,"label":"Area Social"},{"value":757,"label":"Educaci\u00f3n ambiental"},{"value":8,"label":"Sin categorizar"}]},"featured_image_src_large":["https:\/\/solidanca.cat\/wp-content\/uploads\/2025\/04\/FOTO-NOTICIES-WEB-47-3.png",800,400,false],"author_info":{"display_name":"Comunicaci\u00f3","author_link":"https:\/\/solidanca.cat\/es\/author\/comunicacio\/"},"comment_info":0,"category_info":[{"term_id":763,"name":"Area Social","slug":"area-social-es","term_group":0,"term_taxonomy_id":763,"taxonomy":"category","description":"","parent":0,"count":205,"filter":"raw","cat_ID":763,"category_count":205,"category_description":"","cat_name":"Area Social","category_nicename":"area-social-es","category_parent":0},{"term_id":757,"name":"Educaci\u00f3n ambiental","slug":"educacion-ambiental","term_group":0,"term_taxonomy_id":757,"taxonomy":"category","description":"","parent":0,"count":80,"filter":"raw","cat_ID":757,"category_count":80,"category_description":"","cat_name":"Educaci\u00f3n ambiental","category_nicename":"educacion-ambiental","category_parent":0},{"term_id":8,"name":"Sin categorizar","slug":"sin-categorizar","term_group":0,"term_taxonomy_id":8,"taxonomy":"category","description":"","parent":0,"count":199,"filter":"raw","cat_ID":8,"category_count":199,"category_description":"","cat_name":"Sin categorizar","category_nicename":"sin-categorizar","category_parent":0}],"tag_info":false,"uagb_featured_image_src":{"full":["https:\/\/solidanca.cat\/wp-content\/uploads\/2025\/04\/FOTO-NOTICIES-WEB-47-3.png",800,400,false],"thumbnail":["https:\/\/solidanca.cat\/wp-content\/uploads\/2025\/04\/FOTO-NOTICIES-WEB-47-3-150x150.png",150,150,true],"medium":["https:\/\/solidanca.cat\/wp-content\/uploads\/2025\/04\/FOTO-NOTICIES-WEB-47-3-300x150.png",300,150,true],"medium_large":["https:\/\/solidanca.cat\/wp-content\/uploads\/2025\/04\/FOTO-NOTICIES-WEB-47-3-768x384.png",768,384,true],"large":["https:\/\/solidanca.cat\/wp-content\/uploads\/2025\/04\/FOTO-NOTICIES-WEB-47-3.png",800,400,false],"1536x1536":["https:\/\/solidanca.cat\/wp-content\/uploads\/2025\/04\/FOTO-NOTICIES-WEB-47-3.png",800,400,false],"2048x2048":["https:\/\/solidanca.cat\/wp-content\/uploads\/2025\/04\/FOTO-NOTICIES-WEB-47-3.png",800,400,false]},"uagb_author_info":{"display_name":"Comunicaci\u00f3","author_link":"https:\/\/solidanca.cat\/es\/author\/comunicacio\/"},"uagb_comment_info":0,"uagb_excerpt":"Con motivo del D\u00eda Internacional de la Mujer Trabajadora, este 8 de marzo en Solidan\u00e7a nos centramos en la importancia del...","_links":{"self":[{"href":"https:\/\/solidanca.cat\/es\/wp-json\/wp\/v2\/posts\/8917","targetHints":{"allow":["GET"]}}],"collection":[{"href":"https:\/\/solidanca.cat\/es\/wp-json\/wp\/v2\/posts"}],"about":[{"href":"https:\/\/solidanca.cat\/es\/wp-json\/wp\/v2\/types\/post"}],"author":[{"embeddable":true,"href":"https:\/\/solidanca.cat\/es\/wp-json\/wp\/v2\/users\/3"}],"replies":[{"embeddable":true,"href":"https:\/\/solidanca.cat\/es\/wp-json\/wp\/v2\/comments?post=8917"}],"version-history":[{"count":0,"href":"https:\/\/solidanca.cat\/es\/wp-json\/wp\/v2\/posts\/8917\/revisions"}],"wp:featuredmedia":[{"embeddable":true,"href":"https:\/\/solidanca.cat\/es\/wp-json\/wp\/v2\/media\/7779"}],"wp:attachment":[{"href":"https:\/\/solidanca.cat\/es\/wp-json\/wp\/v2\/media?parent=8917"}],"wp:term":[{"taxonomy":"category","embeddable":true,"href":"https:\/\/solidanca.cat\/es\/wp-json\/wp\/v2\/categories?post=8917"},{"taxonomy":"post_tag","embeddable":true,"href":"https:\/\/solidanca.cat\/es\/wp-json\/wp\/v2\/tags?post=8917"}],"curies":[{"name":"wp","href":"https:\/\/api.w.org\/{rel}","templated":true}]}}