{"id":8997,"date":"2025-04-10T06:00:04","date_gmt":"2025-04-10T04:00:04","guid":{"rendered":"https:\/\/solidanca.con2webs.es\/?p=8997"},"modified":"2025-04-10T06:00:15","modified_gmt":"2025-04-10T04:00:15","slug":"solidanca-fomenta-la-insercion-sociolaboral-con-la-reutilizacion-de-aparatos-electricos-y-electronicos","status":"publish","type":"post","link":"https:\/\/solidanca.cat\/es\/solidanca-fomenta-la-insercion-sociolaboral-con-la-reutilizacion-de-aparatos-electricos-y-electronicos\/","title":{"rendered":"Solidan\u00e7a fomenta la inserci\u00f3n sociolaboral con la reutilizaci\u00f3n de aparatos el\u00e9ctricos y electr\u00f3nicos"},"content":{"rendered":"<p>En Solidan\u00e7a apostamos por las segundas oportunidades, tanto para las personas como para los residuos. Por este motivo, en nuestra planta de<strong> Preparaci\u00f3n para la Reutilizaci\u00f3n de Residuos de Aparatos El\u00e9ctricos y Electr\u00f3nicos (PxR de RAEE)<\/strong>, no solo trabajamos para <strong>reducir el impacto ambiental<\/strong> de estos residuos, sino que tambi\u00e9n impulsamos <strong>la inserci\u00f3n sociolaboral de personas<\/strong> en situaci\u00f3n de vulnerabilidad social.<\/p>\n<p>En este marco, actualmente estamos colaborando con el <strong>Centro Penitenciario de J\u00f3venes de Quatre Camins<\/strong> ofreciendo pr\u00e1cticas a los j\u00f3venes que est\u00e1n cursando un Certificado de Profesionalidad en Inform\u00e1tica con el objetivo de que puedan <strong>aplicar sus conocimientos en un entorno real de trabajo<\/strong> sin tener que salir del centro. Durante este proceso, est\u00e1n preparando para la reutilizaci\u00f3n <strong>40 ordenadores<\/strong>, alargando su vida \u00fatil y evitando que se conviertan en residuos.<\/p>\n<h5><span style=\"color: #339966;\"><strong>Las pr\u00e1cticas en el RAEE en 2024<\/strong><\/span><\/h5>\n<p>En 2024, un total de<strong> 26 personas<\/strong> realizaron pr\u00e1cticas en nuestra planta de RAEE, adquiriendo competencias en <strong>reparaci\u00f3n y restauraci\u00f3n de ordenadores, as\u00ed como en la gesti\u00f3n de software.<\/strong> Este aprendizaje no solo abre nuevas oportunidades laborales, sino que tambi\u00e9n fomenta un modelo de consumo m\u00e1s sostenible y responsable.<\/p>\n<p>La correcta gesti\u00f3n de los residuos electr\u00f3nicos es clave para reducir su impacto ambiental. Los RAEE son uno de los residuos m\u00e1s contaminantes, puesto que contienen <strong>materiales t\u00f3xicos y materias primas valiosas que pueden ser recuperados y reutilizados.<\/strong> En Solidan\u00e7a, trabajamos para minimizar este impacto, promoviendo la circularidad, evitando la extracci\u00f3n innecesaria de materias primas y dando una segunda vida a los dispositivos electr\u00f3nicos.<\/p>\n<p>&nbsp;<\/p>\n","protected":false},"excerpt":{"rendered":"<p>En Solidan\u00e7a apostamos por las segundas oportunidades, tanto para las personas como para los residuos. Por este motivo, en nuestra planta&#8230;<\/p>\n","protected":false},"author":2,"featured_media":8998,"comment_status":"open","ping_status":"closed","sticky":false,"template":"","format":"standard","meta":{"_uag_custom_page_level_css":"","_kad_blocks_custom_css":"","_kad_blocks_head_custom_js":"","_kad_blocks_body_custom_js":"","_kad_blocks_footer_custom_js":"","_kad_post_transparent":"","_kad_post_title":"","_kad_post_layout":"","_kad_post_sidebar_id":"","_kad_post_content_style":"","_kad_post_vertical_padding":"","_kad_post_feature":"","_kad_post_feature_position":"","_kad_post_header":false,"_kad_post_footer":false,"_kad_post_classname":"","footnotes":""},"categories":[763,761],"tags":[],"class_list":["post-8997","post","type-post","status-publish","format-standard","has-post-thumbnail","hentry","category-area-social-es","category-medio-ambiente"],"taxonomy_info":{"category":[{"value":763,"label":"Area Social"},{"value":761,"label":"MEDIO AMBIENTE"}]},"featured_image_src_large":["https:\/\/solidanca.cat\/wp-content\/uploads\/2025\/04\/FOTO-NOTICIES-WEB-1-3-5.png",800,400,false],"author_info":{"display_name":"Solidan\u00e7a","author_link":"https:\/\/solidanca.cat\/es\/author\/alberg\/"},"comment_info":0,"category_info":[{"term_id":763,"name":"Area Social","slug":"area-social-es","term_group":0,"term_taxonomy_id":763,"taxonomy":"category","description":"","parent":0,"count":208,"filter":"raw","cat_ID":763,"category_count":208,"category_description":"","cat_name":"Area Social","category_nicename":"area-social-es","category_parent":0},{"term_id":761,"name":"MEDIO AMBIENTE","slug":"medio-ambiente","term_group":0,"term_taxonomy_id":761,"taxonomy":"category","description":"","parent":0,"count":263,"filter":"raw","cat_ID":761,"category_count":263,"category_description":"","cat_name":"MEDIO AMBIENTE","category_nicename":"medio-ambiente","category_parent":0}],"tag_info":false,"uagb_featured_image_src":{"full":["https:\/\/solidanca.cat\/wp-content\/uploads\/2025\/04\/FOTO-NOTICIES-WEB-1-3-5.png",800,400,false],"thumbnail":["https:\/\/solidanca.cat\/wp-content\/uploads\/2025\/04\/FOTO-NOTICIES-WEB-1-3-5-150x150.png",150,150,true],"medium":["https:\/\/solidanca.cat\/wp-content\/uploads\/2025\/04\/FOTO-NOTICIES-WEB-1-3-5-300x150.png",300,150,true],"medium_large":["https:\/\/solidanca.cat\/wp-content\/uploads\/2025\/04\/FOTO-NOTICIES-WEB-1-3-5-768x384.png",768,384,true],"large":["https:\/\/solidanca.cat\/wp-content\/uploads\/2025\/04\/FOTO-NOTICIES-WEB-1-3-5.png",800,400,false],"1536x1536":["https:\/\/solidanca.cat\/wp-content\/uploads\/2025\/04\/FOTO-NOTICIES-WEB-1-3-5.png",800,400,false],"2048x2048":["https:\/\/solidanca.cat\/wp-content\/uploads\/2025\/04\/FOTO-NOTICIES-WEB-1-3-5.png",800,400,false]},"uagb_author_info":{"display_name":"Solidan\u00e7a","author_link":"https:\/\/solidanca.cat\/es\/author\/alberg\/"},"uagb_comment_info":0,"uagb_excerpt":"En Solidan\u00e7a apostamos por las segundas oportunidades, tanto para las personas como para los residuos. Por este motivo, en nuestra planta...","_links":{"self":[{"href":"https:\/\/solidanca.cat\/es\/wp-json\/wp\/v2\/posts\/8997","targetHints":{"allow":["GET"]}}],"collection":[{"href":"https:\/\/solidanca.cat\/es\/wp-json\/wp\/v2\/posts"}],"about":[{"href":"https:\/\/solidanca.cat\/es\/wp-json\/wp\/v2\/types\/post"}],"author":[{"embeddable":true,"href":"https:\/\/solidanca.cat\/es\/wp-json\/wp\/v2\/users\/2"}],"replies":[{"embeddable":true,"href":"https:\/\/solidanca.cat\/es\/wp-json\/wp\/v2\/comments?post=8997"}],"version-history":[{"count":1,"href":"https:\/\/solidanca.cat\/es\/wp-json\/wp\/v2\/posts\/8997\/revisions"}],"predecessor-version":[{"id":9962,"href":"https:\/\/solidanca.cat\/es\/wp-json\/wp\/v2\/posts\/8997\/revisions\/9962"}],"wp:featuredmedia":[{"embeddable":true,"href":"https:\/\/solidanca.cat\/es\/wp-json\/wp\/v2\/media\/8998"}],"wp:attachment":[{"href":"https:\/\/solidanca.cat\/es\/wp-json\/wp\/v2\/media?parent=8997"}],"wp:term":[{"taxonomy":"category","embeddable":true,"href":"https:\/\/solidanca.cat\/es\/wp-json\/wp\/v2\/categories?post=8997"},{"taxonomy":"post_tag","embeddable":true,"href":"https:\/\/solidanca.cat\/es\/wp-json\/wp\/v2\/tags?post=8997"}],"curies":[{"name":"wp","href":"https:\/\/api.w.org\/{rel}","templated":true}]}}