{"id":9009,"date":"2025-04-07T06:00:38","date_gmt":"2025-04-07T04:00:38","guid":{"rendered":"https:\/\/solidanca.con2webs.es\/?p=9009"},"modified":"2025-04-07T06:00:49","modified_gmt":"2025-04-07T04:00:49","slug":"participamos-en-el-flea-market-de-viladecans-con-els-encants-y-la-didaltruck","status":"publish","type":"post","link":"https:\/\/solidanca.cat\/es\/participamos-en-el-flea-market-de-viladecans-con-els-encants-y-la-didaltruck\/","title":{"rendered":"Participamos en el Flea Market de Viladecans con Els Encants y la DidalTruck"},"content":{"rendered":"<p class=\"p1\"><a href=\"https:\/\/solidanca.cat\/wp-content\/uploads\/2025\/03\/image.png\"><img loading=\"lazy\" decoding=\"async\" class=\"wp-image-67638 alignright\" src=\"https:\/\/solidanca.cat\/wp-content\/uploads\/2025\/03\/image.png\" alt=\"\" width=\"374\" height=\"528\" \/><\/a>Este fin de semana de abril, Viladecans ha acogido una nueva edici\u00f3n del <a href=\"https:\/\/fleamarketbcn.com\/\" target=\"_blank\" rel=\"noopener\"><strong>Flea Market<\/strong><\/a>, un mercado de segunda mano que promueve el <strong>consumo responsable y da una segunda vida a la ropa<\/strong>. El evento, celebrado en la Plaza de la Constituci\u00f3n, ha sido un punto de encuentro para muchas personas interesadas en la reutilizaci\u00f3n, la sostenibilidad y la econom\u00eda circular.<\/p>\n<p>Como entidad comprometida con la reutilizaci\u00f3n y la econom\u00eda circular, <strong>Solidan\u00e7a<\/strong> ha participado en el mercado con una parada de la Tienda de los Encants de Viladecans y la DidalTruck de Cercle Zero con el objetivo de <strong>fomentar la reutilizaci\u00f3n textil y la compra de segunda mano<\/strong> como alternativa sostenible.<\/p>\n<p>La <a href=\"https:\/\/solidanca.cat\/la-deixalleria-de-viladecans-un-model-innovador-en-la-gestio-de-residus\/\"><strong>Tienda de los Encants de Viladecans<\/strong><\/a> es una tienda de productos de segunda mano ubicada en el Punto Limpio de Viladecans, gestionada por Solidan\u00e7a \/ Roba Amiga, que promueve el <strong>consumo \u00e9tico y responsable<\/strong>, alargando la vida \u00fatil y dando circularidad a los productos que vende. Al mismo tiempo, cuida tu bolsillo, <strong>ofreciendo art\u00edculos a precios muy asequibles<\/strong> con los que se contribuye a crear empleo para personas en situaci\u00f3n de vulnerabilidad social.<\/p>\n<p>La <a href=\"https:\/\/cerclezero.cat\/serveis-de-prevencio-de-residus\/\" target=\"_blank\" rel=\"noopener\"><strong>DidalTruck<\/strong><\/a> tambi\u00e9n ha sido una parada con mucho \u00e9xito. La unidad m\u00f3vil de reparaci\u00f3n textil ha ofrecido a<strong>sesoramiento y las herramientas necesarias<\/strong> para que los asistentes pudieran arreglar, personalizar y dar una segunda vida a sus prendas. Esta iniciativa de <a href=\"https:\/\/cerclezero.cat\/\" target=\"_blank\" rel=\"noopener\"><strong>Cercle Zero<\/strong><\/a> fomenta la autonom\u00eda y la creatividad, ofreciendo t\u00e9cnicas sencillas para reaprovechar el residuo textil.<\/p>\n<p>El <strong>Flea Market de Viladecans<\/strong> se ha convertido en un espacio donde repensar la manera de consumir y descubrir alternativas sostenibles. Con iniciativas como esta, <strong>Viladecans y Solidan\u00e7a siguen trabajando para impulsar la econom\u00eda circular y sensibilizar a la ciudadan\u00eda sobre la importancia de la reutilizaci\u00f3n.<\/strong><\/p>\n","protected":false},"excerpt":{"rendered":"<p>Este fin de semana de abril, Viladecans ha acogido una nueva edici\u00f3n del Flea Market, un mercado de segunda mano que&#8230;<\/p>\n","protected":false},"author":2,"featured_media":7918,"comment_status":"open","ping_status":"closed","sticky":false,"template":"","format":"standard","meta":{"_uag_custom_page_level_css":"","_kad_blocks_custom_css":"","_kad_blocks_head_custom_js":"","_kad_blocks_body_custom_js":"","_kad_blocks_footer_custom_js":"","_kad_post_transparent":"","_kad_post_title":"","_kad_post_layout":"","_kad_post_sidebar_id":"","_kad_post_content_style":"","_kad_post_vertical_padding":"","_kad_post_feature":"","_kad_post_feature_position":"","_kad_post_header":false,"_kad_post_footer":false,"_kad_post_classname":"","footnotes":""},"categories":[8],"tags":[],"class_list":["post-9009","post","type-post","status-publish","format-standard","has-post-thumbnail","hentry","category-sin-categorizar"],"taxonomy_info":{"category":[{"value":8,"label":"Sin categorizar"}]},"featured_image_src_large":["https:\/\/solidanca.cat\/wp-content\/uploads\/2025\/04\/image-30-725x1024.png",725,1024,true],"author_info":{"display_name":"Solidan\u00e7a","author_link":"https:\/\/solidanca.cat\/es\/author\/alberg\/"},"comment_info":0,"category_info":[{"term_id":8,"name":"Sin categorizar","slug":"sin-categorizar","term_group":0,"term_taxonomy_id":8,"taxonomy":"category","description":"","parent":0,"count":199,"filter":"raw","cat_ID":8,"category_count":199,"category_description":"","cat_name":"Sin categorizar","category_nicename":"sin-categorizar","category_parent":0}],"tag_info":false,"uagb_featured_image_src":{"full":["https:\/\/solidanca.cat\/wp-content\/uploads\/2025\/04\/image-30-e1747302654609.png",1449,2048,false],"thumbnail":["https:\/\/solidanca.cat\/wp-content\/uploads\/2025\/04\/image-30-150x150.png",150,150,true],"medium":["https:\/\/solidanca.cat\/wp-content\/uploads\/2025\/04\/image-30-212x300.png",212,300,true],"medium_large":["https:\/\/solidanca.cat\/wp-content\/uploads\/2025\/04\/image-30-768x1085.png",768,1085,true],"large":["https:\/\/solidanca.cat\/wp-content\/uploads\/2025\/04\/image-30-725x1024.png",725,1024,true],"1536x1536":["https:\/\/solidanca.cat\/wp-content\/uploads\/2025\/04\/image-30-1087x1536.png",1087,1536,true],"2048x2048":["https:\/\/solidanca.cat\/wp-content\/uploads\/2025\/04\/image-30-e1747302654609.png",1449,2048,false]},"uagb_author_info":{"display_name":"Solidan\u00e7a","author_link":"https:\/\/solidanca.cat\/es\/author\/alberg\/"},"uagb_comment_info":0,"uagb_excerpt":"Este fin de semana de abril, Viladecans ha acogido una nueva edici\u00f3n del Flea Market, un mercado de segunda mano que...","_links":{"self":[{"href":"https:\/\/solidanca.cat\/es\/wp-json\/wp\/v2\/posts\/9009","targetHints":{"allow":["GET"]}}],"collection":[{"href":"https:\/\/solidanca.cat\/es\/wp-json\/wp\/v2\/posts"}],"about":[{"href":"https:\/\/solidanca.cat\/es\/wp-json\/wp\/v2\/types\/post"}],"author":[{"embeddable":true,"href":"https:\/\/solidanca.cat\/es\/wp-json\/wp\/v2\/users\/2"}],"replies":[{"embeddable":true,"href":"https:\/\/solidanca.cat\/es\/wp-json\/wp\/v2\/comments?post=9009"}],"version-history":[{"count":1,"href":"https:\/\/solidanca.cat\/es\/wp-json\/wp\/v2\/posts\/9009\/revisions"}],"predecessor-version":[{"id":9134,"href":"https:\/\/solidanca.cat\/es\/wp-json\/wp\/v2\/posts\/9009\/revisions\/9134"}],"wp:featuredmedia":[{"embeddable":true,"href":"https:\/\/solidanca.cat\/es\/wp-json\/wp\/v2\/media\/7918"}],"wp:attachment":[{"href":"https:\/\/solidanca.cat\/es\/wp-json\/wp\/v2\/media?parent=9009"}],"wp:term":[{"taxonomy":"category","embeddable":true,"href":"https:\/\/solidanca.cat\/es\/wp-json\/wp\/v2\/categories?post=9009"},{"taxonomy":"post_tag","embeddable":true,"href":"https:\/\/solidanca.cat\/es\/wp-json\/wp\/v2\/tags?post=9009"}],"curies":[{"name":"wp","href":"https:\/\/api.w.org\/{rel}","templated":true}]}}